{"id":1043,"date":"2019-10-31T16:38:35","date_gmt":"2019-10-31T16:38:35","guid":{"rendered":"http:\/\/www.lukostrelbaklecany.cz\/?p=1043"},"modified":"2019-10-31T16:39:05","modified_gmt":"2019-10-31T16:39:05","slug":"kurzy-pro-verejnost-zmena-casu","status":"publish","type":"post","link":"https:\/\/www.lukostrelbaklecany.cz\/index.php\/2019\/10\/31\/kurzy-pro-verejnost-zmena-casu\/","title":{"rendered":"Kurzy pro ve\u0159ejnost &#8211; zm\u011bna \u010das\u016f"},"content":{"rendered":"<p>V\u00e1\u017een\u00ed z\u00e1kazn\u00edci.<\/p>\n<p>Od 1.11.2019 doch\u00e1z\u00ed ke zm\u011bn\u011b v kurzech pro ve\u0159ejnost. Vzhledem k p\u0159esunu do haly v Doln\u00edch kas\u00e1rn\u00e1ch mus\u00edme omezit kapacitu kurz\u016f ve v\u0161edn\u00ed dny. Na druhou stranu p\u0159id\u00e1v\u00e1me mo\u017enost st\u0159\u00edlen\u00ed pro ve\u0159ejnost i v \u00fater\u00fd odpoledne.<\/p>\n<p>Nov\u011b tedy plat\u00ed tyto term\u00edny:<\/p>\n<p>\u00dater\u00fd od 17h &#8211; 6 osob<\/p>\n<p>\u010ctvrtek od 18h &#8211; 6 osob<\/p>\n<p>Ned\u011ble 11-13 a 14-15 po 6 osob\u00e1ch<\/p>\n<p>Objedn\u00e1vejte se, pros\u00edm, standardn\u011b pomoc\u00ed formul\u00e1\u0159e zde:&nbsp;<a href=\"https:\/\/www.lukostrelbaklecany.cz\/index.php\/chci-si-to-zkusit\/\">https:\/\/www.lukostrelbaklecany.cz\/index.php\/chci-si-to-zkusit\/<\/a><\/p>\n<p>D\u011bkujeme t\u00edmto zastupitel\u016fm m\u011bsta, \u017ee n\u00e1m umo\u017enili vyu\u017eit\u00ed prostoru. M\u016f\u017eeme tak tr\u00e9novat a nad\u00e1le \u00fasp\u011b\u0161n\u011b reprezentovat, v\u011bnovat se d\u011btem v r\u00e1mci krou\u017eku lukost\u0159elby i nab\u00edzet lekce pro ve\u0159ejnost.<\/p>\n","protected":false},"excerpt":{"rendered":"<p>V\u00e1\u017een\u00ed z\u00e1kazn\u00edci. Od 1.11.2019 doch\u00e1z\u00ed ke zm\u011bn\u011b v kurzech pro ve\u0159ejnost. Vzhledem k p\u0159esunu do haly v Doln\u00edch kas\u00e1rn\u00e1ch mus\u00edme omezit kapacitu kurz\u016f ve v\u0161edn\u00ed dny. Na druhou stranu p\u0159id\u00e1v\u00e1me mo\u017enost st\u0159\u00edlen\u00ed pro ve\u0159ejnost i v \u00fater\u00fd odpoledne. Nov\u011b tedy plat\u00ed tyto term\u00edny: \u00dater\u00fd od 17h &#8211; 6 osob \u010ctvrtek od 18h &#8211; 6 osob &#8230; <a title=\"Kurzy pro ve\u0159ejnost &#8211; zm\u011bna \u010das\u016f\" class=\"read-more\" href=\"https:\/\/www.lukostrelbaklecany.cz\/index.php\/2019\/10\/31\/kurzy-pro-verejnost-zmena-casu\/\">\u010d\u00edst v\u00edce<\/a><\/p>\n","protected":false},"author":1,"featured_media":0,"comment_status":"closed","ping_status":"open","sticky":false,"template":"","format":"standard","meta":{"ngg_post_thumbnail":0,"footnotes":""},"categories":[4],"tags":[],"_links":{"self":[{"href":"https:\/\/www.lukostrelbaklecany.cz\/index.php\/wp-json\/wp\/v2\/posts\/1043"}],"collection":[{"href":"https:\/\/www.lukostrelbaklecany.cz\/index.php\/wp-json\/wp\/v2\/posts"}],"about":[{"href":"https:\/\/www.lukostrelbaklecany.cz\/index.php\/wp-json\/wp\/v2\/types\/post"}],"author":[{"embeddable":true,"href":"https:\/\/www.lukostrelbaklecany.cz\/index.php\/wp-json\/wp\/v2\/users\/1"}],"replies":[{"embeddable":true,"href":"https:\/\/www.lukostrelbaklecany.cz\/index.php\/wp-json\/wp\/v2\/comments?post=1043"}],"version-history":[{"count":4,"href":"https:\/\/www.lukostrelbaklecany.cz\/index.php\/wp-json\/wp\/v2\/posts\/1043\/revisions"}],"predecessor-version":[{"id":1047,"href":"https:\/\/www.lukostrelbaklecany.cz\/index.php\/wp-json\/wp\/v2\/posts\/1043\/revisions\/1047"}],"wp:attachment":[{"href":"https:\/\/www.lukostrelbaklecany.cz\/index.php\/wp-json\/wp\/v2\/media?parent=1043"}],"wp:term":[{"taxonomy":"category","embeddable":true,"href":"https:\/\/www.lukostrelbaklecany.cz\/index.php\/wp-json\/wp\/v2\/categories?post=1043"},{"taxonomy":"post_tag","embeddable":true,"href":"https:\/\/www.lukostrelbaklecany.cz\/index.php\/wp-json\/wp\/v2\/tags?post=1043"}],"curies":[{"name":"wp","href":"https:\/\/api.w.org\/{rel}","templated":true}]}}