{"id":1130,"date":"2019-11-24T20:05:36","date_gmt":"2019-11-24T20:05:36","guid":{"rendered":"http:\/\/www.lukostrelbaklecany.cz\/?p=1130"},"modified":"2020-02-01T22:02:00","modified_gmt":"2020-02-01T22:02:00","slug":"prvni-vysledek-do-ligy-a-laduv-dvojak-s-dalsim-rekordem","status":"publish","type":"post","link":"https:\/\/www.lukostrelbaklecany.cz\/index.php\/2019\/11\/24\/prvni-vysledek-do-ligy-a-laduv-dvojak-s-dalsim-rekordem\/","title":{"rendered":"Prvn\u00ed v\u00fdsledek do ligy a &#8222;L\u00e1\u010f\u016fv dvoj\u00e1k&#8220; s dal\u0161\u00edm rekordem"},"content":{"rendered":"<p><a class=\"ngg-simplelightbox\" title=\" \" href=\"https:\/\/www.lukostrelbaklecany.cz\/wp-content\/gallery\/mix\/IMG-20191124-WA0001.jpg\" rel=\"\" data-image-id=\"255\" data-src=\"https:\/\/www.lukostrelbaklecany.cz\/wp-content\/gallery\/mix\/IMG-20191124-WA0001.jpg\" data-thumbnail=\"https:\/\/www.lukostrelbaklecany.cz\/wp-content\/gallery\/mix\/thumbs\/thumbs_IMG-20191124-WA0001.jpg\" data-title=\"IMG-20191124-WA0001\" data-description=\" \"><img decoding=\"async\" class=\"ngg-singlepic ngg-none alignleft\" src=\"https:\/\/www.lukostrelbaklecany.cz\/wp-content\/gallery\/mix\/thumbs\/thumbs_IMG-20191124-WA0001.jpg\" alt=\"IMG-20191124-WA0001\"><\/a>Jeliko\u017e jsme v lo\u0148sk\u00e9 halov\u00e9 sezon\u011b byli na druh\u00e9m m\u00edst\u011b p\u0159eboru, postoupili jsme <strong>do nejvy\u0161\u0161\u00ed sout\u011b\u017ee &#8211; ligy<\/strong>. A dne\u0161n\u00ed dopoledn\u00ed z\u00e1vod v Michli si \u010dlenov\u00e9 na\u0161eho &#8222;A&#8220; teamu vybrali k z\u00e1pisu v\u00fdsledku do prvn\u00edho ligov\u00e9ho kola.&nbsp; V\u00fdsledky ukazuj\u00ed, co je v na\u0161ich mo\u017enostech a kam sm\u011b\u0159ujeme leto\u0161n\u00ed sezonu.&nbsp; Do <strong>celkov\u00e9ho v\u00fdsledku dru\u017estva 1463<\/strong>b p\u0159idal L\u00e1\u010fa 525b, Tom\u00e1\u0161 501b, Kv\u011bta 437b a Ruda nast\u0159\u00edlel 415b. Do sou\u010dtu se po\u010d\u00edtaj\u00ed nejlep\u0161\u00ed t\u0159i. Tento v\u00fdsledek odpov\u00edd\u00e1 na\u0161im lo\u0148sk\u00fdm v\u00fdsledk\u016fm, kter\u00e9 n\u00e1m umo\u017enili pohybovat se na \u0161pi\u010dce.<br \/>\nL\u00e1\u010fa se dopoledn\u00edm z\u00e1vodem zah\u0159\u00e1l na provozn\u00ed teplotu a dal si je\u0161t\u011b odpoledn\u00ed rundu. Od prvn\u00edch sad bylo jasn\u00e9, \u017ee m\u00ed\u0159\u00ed na sv\u016fj seniorsk\u00fd rekord. Cel\u00fd z\u00e1vod se dr\u017eel na pr\u016fm\u011bru 9b+ na \u0161\u00edp. <strong>V\u00fdsledn\u00fdch 540b je p\u0159esn\u011b 9b\/\u0161\u00edp a nov\u00e1 hodnota \u010desk\u00e9ho rekordu v mu\u017esk\u00e9 kategorii.<\/strong> Do t\u00e9 se L\u00e1\u010fa nechal p\u0159epsat ze seniorsk\u00e9 pr\u00e1v\u011b p\u0159ed touto halovou sezonou a ji\u017e m\u00e1 dva \u010desk\u00e9 rekordy na sv\u00e9m kont\u011b.<br \/>\nPro p\u0159edstavu, je to 60\u0161\u00edp\u016f rovnom\u011brn\u011b rozprost\u0159en\u00fdch v kruhu pr\u016fm\u011bru 12cm na vzd\u00e1lenost 18m. Bez zam\u011b\u0159ova\u010de.<\/p>\n<p>Gratulujeme a d\u011bkujeme na reprezentaci na\u0161eho klubu.<\/p>\n","protected":false},"excerpt":{"rendered":"<p>Jeliko\u017e jsme v lo\u0148sk\u00e9 halov\u00e9 sezon\u011b byli na druh\u00e9m m\u00edst\u011b p\u0159eboru, postoupili jsme do nejvy\u0161\u0161\u00ed sout\u011b\u017ee &#8211; ligy. A dne\u0161n\u00ed dopoledn\u00ed z\u00e1vod v Michli si \u010dlenov\u00e9 na\u0161eho &#8222;A&#8220; teamu vybrali k z\u00e1pisu v\u00fdsledku do prvn\u00edho ligov\u00e9ho kola.&nbsp; V\u00fdsledky ukazuj\u00ed, co je v na\u0161ich mo\u017enostech a kam sm\u011b\u0159ujeme leto\u0161n\u00ed sezonu.&nbsp; Do celkov\u00e9ho v\u00fdsledku dru\u017estva 1463b p\u0159idal &#8230; <a title=\"Prvn\u00ed v\u00fdsledek do ligy a &#8222;L\u00e1\u010f\u016fv dvoj\u00e1k&#8220; s dal\u0161\u00edm rekordem\" class=\"read-more\" href=\"https:\/\/www.lukostrelbaklecany.cz\/index.php\/2019\/11\/24\/prvni-vysledek-do-ligy-a-laduv-dvojak-s-dalsim-rekordem\/\">\u010d\u00edst v\u00edce<\/a><\/p>\n","protected":false},"author":1,"featured_media":1242,"comment_status":"closed","ping_status":"open","sticky":false,"template":"","format":"standard","meta":{"ngg_post_thumbnail":0,"footnotes":""},"categories":[4],"tags":[],"_links":{"self":[{"href":"https:\/\/www.lukostrelbaklecany.cz\/index.php\/wp-json\/wp\/v2\/posts\/1130"}],"collection":[{"href":"https:\/\/www.lukostrelbaklecany.cz\/index.php\/wp-json\/wp\/v2\/posts"}],"about":[{"href":"https:\/\/www.lukostrelbaklecany.cz\/index.php\/wp-json\/wp\/v2\/types\/post"}],"author":[{"embeddable":true,"href":"https:\/\/www.lukostrelbaklecany.cz\/index.php\/wp-json\/wp\/v2\/users\/1"}],"replies":[{"embeddable":true,"href":"https:\/\/www.lukostrelbaklecany.cz\/index.php\/wp-json\/wp\/v2\/comments?post=1130"}],"version-history":[{"count":11,"href":"https:\/\/www.lukostrelbaklecany.cz\/index.php\/wp-json\/wp\/v2\/posts\/1130\/revisions"}],"predecessor-version":[{"id":1243,"href":"https:\/\/www.lukostrelbaklecany.cz\/index.php\/wp-json\/wp\/v2\/posts\/1130\/revisions\/1243"}],"wp:featuredmedia":[{"embeddable":true,"href":"https:\/\/www.lukostrelbaklecany.cz\/index.php\/wp-json\/wp\/v2\/media\/1242"}],"wp:attachment":[{"href":"https:\/\/www.lukostrelbaklecany.cz\/index.php\/wp-json\/wp\/v2\/media?parent=1130"}],"wp:term":[{"taxonomy":"category","embeddable":true,"href":"https:\/\/www.lukostrelbaklecany.cz\/index.php\/wp-json\/wp\/v2\/categories?post=1130"},{"taxonomy":"post_tag","embeddable":true,"href":"https:\/\/www.lukostrelbaklecany.cz\/index.php\/wp-json\/wp\/v2\/tags?post=1130"}],"curies":[{"name":"wp","href":"https:\/\/api.w.org\/{rel}","templated":true}]}}