{"id":1172,"date":"2019-12-16T15:33:34","date_gmt":"2019-12-16T15:33:34","guid":{"rendered":"http:\/\/www.lukostrelbaklecany.cz\/?p=1172"},"modified":"2019-12-16T15:33:34","modified_gmt":"2019-12-16T15:33:34","slug":"svatecni-lekce-pro-verejnost","status":"publish","type":"post","link":"https:\/\/www.lukostrelbaklecany.cz\/index.php\/2019\/12\/16\/svatecni-lekce-pro-verejnost\/","title":{"rendered":"Sv\u00e1te\u010dn\u00ed lekce pro ve\u0159ejnost"},"content":{"rendered":"<p>S bl\u00ed\u017e\u00edc\u00edmi se sv\u00e1tky jsme upravili hodiny lekc\u00ed pro ve\u0159ejnost a krou\u017eku takto:<\/p>\n<p>16.-22.12.2019 &#8211; be\u017en\u00fd provoz \u00fater\u00fd, \u010dtvrtek, ned\u011ble<\/p>\n<p>23.-27.12.2019 &#8211; zav\u0159eno<\/p>\n<p>ned\u011ble 29.12.2019 &#8211; otev\u0159eno pro ve\u0159ejnost 14-16h &#8211; krou\u017eek nebude<\/p>\n<p>31.12.2019 &#8211; zav\u0159eno<\/p>\n<p>od \u010dtvrtka 2.12.2019 &#8211; otev\u0159eno norm\u00e1ln\u011b v\u010detn\u011b krou\u017eku<\/p>\n","protected":false},"excerpt":{"rendered":"<p>S bl\u00ed\u017e\u00edc\u00edmi se sv\u00e1tky jsme upravili hodiny lekc\u00ed pro ve\u0159ejnost a krou\u017eku takto: 16.-22.12.2019 &#8211; be\u017en\u00fd provoz \u00fater\u00fd, \u010dtvrtek, ned\u011ble 23.-27.12.2019 &#8211; zav\u0159eno ned\u011ble 29.12.2019 &#8211; otev\u0159eno pro ve\u0159ejnost 14-16h &#8211; krou\u017eek nebude 31.12.2019 &#8211; zav\u0159eno od \u010dtvrtka 2.12.2019 &#8211; otev\u0159eno norm\u00e1ln\u011b v\u010detn\u011b krou\u017eku<\/p>\n","protected":false},"author":1,"featured_media":0,"comment_status":"closed","ping_status":"open","sticky":false,"template":"","format":"standard","meta":{"ngg_post_thumbnail":0,"footnotes":""},"categories":[4],"tags":[],"_links":{"self":[{"href":"https:\/\/www.lukostrelbaklecany.cz\/index.php\/wp-json\/wp\/v2\/posts\/1172"}],"collection":[{"href":"https:\/\/www.lukostrelbaklecany.cz\/index.php\/wp-json\/wp\/v2\/posts"}],"about":[{"href":"https:\/\/www.lukostrelbaklecany.cz\/index.php\/wp-json\/wp\/v2\/types\/post"}],"author":[{"embeddable":true,"href":"https:\/\/www.lukostrelbaklecany.cz\/index.php\/wp-json\/wp\/v2\/users\/1"}],"replies":[{"embeddable":true,"href":"https:\/\/www.lukostrelbaklecany.cz\/index.php\/wp-json\/wp\/v2\/comments?post=1172"}],"version-history":[{"count":2,"href":"https:\/\/www.lukostrelbaklecany.cz\/index.php\/wp-json\/wp\/v2\/posts\/1172\/revisions"}],"predecessor-version":[{"id":1174,"href":"https:\/\/www.lukostrelbaklecany.cz\/index.php\/wp-json\/wp\/v2\/posts\/1172\/revisions\/1174"}],"wp:attachment":[{"href":"https:\/\/www.lukostrelbaklecany.cz\/index.php\/wp-json\/wp\/v2\/media?parent=1172"}],"wp:term":[{"taxonomy":"category","embeddable":true,"href":"https:\/\/www.lukostrelbaklecany.cz\/index.php\/wp-json\/wp\/v2\/categories?post=1172"},{"taxonomy":"post_tag","embeddable":true,"href":"https:\/\/www.lukostrelbaklecany.cz\/index.php\/wp-json\/wp\/v2\/tags?post=1172"}],"curies":[{"name":"wp","href":"https:\/\/api.w.org\/{rel}","templated":true}]}}