{"id":1448,"date":"2020-02-16T17:38:53","date_gmt":"2020-02-16T17:38:53","guid":{"rendered":"http:\/\/www.lukostrelbaklecany.cz\/?p=1448"},"modified":"2020-02-16T17:57:18","modified_gmt":"2020-02-16T17:57:18","slug":"dalsi-uspesny-zavodni-vikend-za-nami-trener-v-top10-a-nejlepsi-vysledek-druzstva","status":"publish","type":"post","link":"https:\/\/www.lukostrelbaklecany.cz\/index.php\/2020\/02\/16\/dalsi-uspesny-zavodni-vikend-za-nami-trener-v-top10-a-nejlepsi-vysledek-druzstva\/","title":{"rendered":"Dal\u0161\u00ed \u00fasp\u011b\u0161n\u00fd z\u00e1vodn\u00ed v\u00edkend za n\u00e1mi &#8211; tren\u00e9r v top10 a nejlep\u0161\u00ed v\u00fdsledek dru\u017estva"},"content":{"rendered":"\n<p>Bl\u00ed\u017e\u00ed se mistrovstv\u00ed republiky a sna\u017e\u00edme se pilovat formu. Tren\u00e9r Michal v sobotu 15.2.2020 vyrazil na z\u00e1vod do Michle, aby splnil nomina\u010dn\u00ed krit\u00e9rium. Ve velmi uvoln\u011bn\u00e9 atmosf\u00e9\u0159e (podpo\u0159en\u00e9 narozen\u00edm t\u0159et\u00edho potomka o p\u00e1r dn\u00ed d\u0159\u00edv) si Michal nast\u0159\u00edlel nejlep\u0161\u00ed v\u00fdsledek sezony 571b, kter\u00fd ho posunul na 9. pozici v \u017eeb\u0159\u00ed\u010dku st\u0159elc\u016f s kladkov\u00fdm lukem. V ned\u011bli si tak\u00e9 v Michli na\u0161e &#8222;\u00c1\u010dko&#8220; &#8211; dru\u017estvo hol\u00fdch luk\u016f v ji\u017e zn\u00e1m\u00e9m slo\u017een\u00ed Kv\u011bta, L\u00e1\u010fa, Tom\u00e1\u0161 &#8211; odst\u0159\u00edlelo posledn\u00ed kolo ligy. V\u00fdsledek 1503b je jejich nejlep\u0161\u00edm v t\u00e9to sezon\u011b a zat\u00edm druh\u00fdm nejlep\u0161\u00edm z ligov\u00fdch dru\u017estev. Jsme r\u00e1di, \u017ee ocen\u011bni nejlep\u0161\u00edmi sportovci Klecan od pana starosty byli opravdu ti spr\u00e1vn\u00ed. <br><\/p>\n\n\n\n<!-- default-view.php -->\n<div\n\tclass=\"ngg-galleryoverview default-view \n\t ngg-ajax-pagination-none\t\"\n\tid=\"ngg-gallery-8076db34876693a1095cf5157991b2f5-1\">\n\n\t\t<!-- Thumbnails -->\n\t\t\t\t<div id=\"ngg-image-0\" class=\"ngg-gallery-thumbnail-box \n\t\t\t\t\t\t\t\t\t\t\t\" \n\t\t\t>\n\t\t\t\t\t\t<div class=\"ngg-gallery-thumbnail\">\n\t\t\t<a href=\"https:\/\/www.lukostrelbaklecany.cz\/wp-content\/gallery\/15-16-2-2020\/IMG_20200215_173404.jpg\"\n\t\t\t\ttitle=\"\"\n\t\t\t\tdata-src=\"https:\/\/www.lukostrelbaklecany.cz\/wp-content\/gallery\/15-16-2-2020\/IMG_20200215_173404.jpg\"\n\t\t\t\tdata-thumbnail=\"https:\/\/www.lukostrelbaklecany.cz\/wp-content\/gallery\/15-16-2-2020\/thumbs\/thumbs_IMG_20200215_173404.jpg\"\n\t\t\t\tdata-image-id=\"257\"\n\t\t\t\tdata-title=\"IMG_20200215_173404\"\n\t\t\t\tdata-description=\"\"\n\t\t\t\tdata-image-slug=\"img_20200215_173404\"\n\t\t\t\tclass=\"ngg-simplelightbox\" rel=\"8076db34876693a1095cf5157991b2f5\">\n\t\t\t\t<img\n\t\t\t\t\ttitle=\"IMG_20200215_173404\"\n\t\t\t\t\talt=\"IMG_20200215_173404\"\n\t\t\t\t\tsrc=\"https:\/\/www.lukostrelbaklecany.cz\/wp-content\/gallery\/15-16-2-2020\/thumbs\/thumbs_IMG_20200215_173404.jpg\"\n\t\t\t\t\twidth=\"240\"\n\t\t\t\t\theight=\"160\"\n\t\t\t\t\tstyle=\"max-width:100%;\"\n\t\t\t\t\/>\n\t\t\t<\/a>\n\t\t<\/div>\n\t\t\t\t\t\t\t<\/div> \n\t\t\t\n\t\t\t\t<div id=\"ngg-image-1\" class=\"ngg-gallery-thumbnail-box \n\t\t\t\t\t\t\t\t\t\t\t\" \n\t\t\t>\n\t\t\t\t\t\t<div class=\"ngg-gallery-thumbnail\">\n\t\t\t<a href=\"https:\/\/www.lukostrelbaklecany.cz\/wp-content\/gallery\/15-16-2-2020\/IMG-20200216-WA0002.jpg\"\n\t\t\t\ttitle=\"\"\n\t\t\t\tdata-src=\"https:\/\/www.lukostrelbaklecany.cz\/wp-content\/gallery\/15-16-2-2020\/IMG-20200216-WA0002.jpg\"\n\t\t\t\tdata-thumbnail=\"https:\/\/www.lukostrelbaklecany.cz\/wp-content\/gallery\/15-16-2-2020\/thumbs\/thumbs_IMG-20200216-WA0002.jpg\"\n\t\t\t\tdata-image-id=\"258\"\n\t\t\t\tdata-title=\"IMG-20200216-WA0002\"\n\t\t\t\tdata-description=\"\"\n\t\t\t\tdata-image-slug=\"img-20200216-wa0002\"\n\t\t\t\tclass=\"ngg-simplelightbox\" rel=\"8076db34876693a1095cf5157991b2f5\">\n\t\t\t\t<img\n\t\t\t\t\ttitle=\"IMG-20200216-WA0002\"\n\t\t\t\t\talt=\"IMG-20200216-WA0002\"\n\t\t\t\t\tsrc=\"https:\/\/www.lukostrelbaklecany.cz\/wp-content\/gallery\/15-16-2-2020\/thumbs\/thumbs_IMG-20200216-WA0002.jpg\"\n\t\t\t\t\twidth=\"240\"\n\t\t\t\t\theight=\"160\"\n\t\t\t\t\tstyle=\"max-width:100%;\"\n\t\t\t\t\/>\n\t\t\t<\/a>\n\t\t<\/div>\n\t\t\t\t\t\t\t<\/div> \n\t\t\t\n\t\n\t<br style=\"clear: both\" \/>\n\n\t\n\t\t<!-- Pagination -->\n\t\t<div class='ngg-clear'><\/div>\t<\/div>\n\n","protected":false},"excerpt":{"rendered":"<p>Bl\u00ed\u017e\u00ed se mistrovstv\u00ed republiky a sna\u017e\u00edme se pilovat formu. Tren\u00e9r Michal v sobotu 15.2.2020 vyrazil na z\u00e1vod do Michle, aby splnil nomina\u010dn\u00ed krit\u00e9rium. Ve velmi uvoln\u011bn\u00e9 atmosf\u00e9\u0159e (podpo\u0159en\u00e9 narozen\u00edm t\u0159et\u00edho potomka o p\u00e1r dn\u00ed d\u0159\u00edv) si Michal nast\u0159\u00edlel nejlep\u0161\u00ed v\u00fdsledek sezony 571b, kter\u00fd ho posunul na 9. pozici v \u017eeb\u0159\u00ed\u010dku st\u0159elc\u016f s kladkov\u00fdm lukem. V &#8230; <a title=\"Dal\u0161\u00ed \u00fasp\u011b\u0161n\u00fd z\u00e1vodn\u00ed v\u00edkend za n\u00e1mi &#8211; tren\u00e9r v top10 a nejlep\u0161\u00ed v\u00fdsledek dru\u017estva\" class=\"read-more\" href=\"https:\/\/www.lukostrelbaklecany.cz\/index.php\/2020\/02\/16\/dalsi-uspesny-zavodni-vikend-za-nami-trener-v-top10-a-nejlepsi-vysledek-druzstva\/\">\u010d\u00edst v\u00edce<\/a><\/p>\n","protected":false},"author":1,"featured_media":1456,"comment_status":"closed","ping_status":"open","sticky":false,"template":"","format":"standard","meta":{"ngg_post_thumbnail":0,"footnotes":""},"categories":[4],"tags":[],"_links":{"self":[{"href":"https:\/\/www.lukostrelbaklecany.cz\/index.php\/wp-json\/wp\/v2\/posts\/1448"}],"collection":[{"href":"https:\/\/www.lukostrelbaklecany.cz\/index.php\/wp-json\/wp\/v2\/posts"}],"about":[{"href":"https:\/\/www.lukostrelbaklecany.cz\/index.php\/wp-json\/wp\/v2\/types\/post"}],"author":[{"embeddable":true,"href":"https:\/\/www.lukostrelbaklecany.cz\/index.php\/wp-json\/wp\/v2\/users\/1"}],"replies":[{"embeddable":true,"href":"https:\/\/www.lukostrelbaklecany.cz\/index.php\/wp-json\/wp\/v2\/comments?post=1448"}],"version-history":[{"count":4,"href":"https:\/\/www.lukostrelbaklecany.cz\/index.php\/wp-json\/wp\/v2\/posts\/1448\/revisions"}],"predecessor-version":[{"id":1455,"href":"https:\/\/www.lukostrelbaklecany.cz\/index.php\/wp-json\/wp\/v2\/posts\/1448\/revisions\/1455"}],"wp:featuredmedia":[{"embeddable":true,"href":"https:\/\/www.lukostrelbaklecany.cz\/index.php\/wp-json\/wp\/v2\/media\/1456"}],"wp:attachment":[{"href":"https:\/\/www.lukostrelbaklecany.cz\/index.php\/wp-json\/wp\/v2\/media?parent=1448"}],"wp:term":[{"taxonomy":"category","embeddable":true,"href":"https:\/\/www.lukostrelbaklecany.cz\/index.php\/wp-json\/wp\/v2\/categories?post=1448"},{"taxonomy":"post_tag","embeddable":true,"href":"https:\/\/www.lukostrelbaklecany.cz\/index.php\/wp-json\/wp\/v2\/tags?post=1448"}],"curies":[{"name":"wp","href":"https:\/\/api.w.org\/{rel}","templated":true}]}}