{"id":1489,"date":"2020-04-03T17:37:17","date_gmt":"2020-04-03T17:37:17","guid":{"rendered":"http:\/\/www.lukostrelbaklecany.cz\/?p=1489"},"modified":"2020-04-03T17:37:19","modified_gmt":"2020-04-03T17:37:19","slug":"vysledky-svetove-urovne-pro-klecany","status":"publish","type":"post","link":"https:\/\/www.lukostrelbaklecany.cz\/index.php\/2020\/04\/03\/vysledky-svetove-urovne-pro-klecany\/","title":{"rendered":"V\u00fdsledky sv\u011btov\u00e9 \u00farovn\u011b pro Klecany"},"content":{"rendered":"\n<p>D\u00edky obrovsk\u00e9 oblib\u011b a n\u00e1r\u016fstu \u010dlensk\u00e9 z\u00e1kladny za\u0159adila sv\u011btov\u00e1 lukost\u0159eleck\u00e1 federace hol\u00e9 luky mezi ofici\u00e1ln\u00ed lukost\u0159eleck\u00e9 discipl\u00edny (vedle reflexn\u00edch a kladkov\u00fdch luk\u016f). \u010cili i tuto kategorii uvid\u00edme nap\u0159. na mistrovstv\u00ed sv\u011bta a dal\u0161\u00edch velk\u00fdch turnaj\u00edch. Za\u010daly se evidovat tak\u00e9 sv\u011btov\u00e9 rekordy.<br>M\u00e1m obrovskou radost, kdy\u017e vid\u00edm, \u017ee v\u00fdkony na\u0161ich st\u0159elc\u016f jsou na sv\u011btov\u00e9 \u00farovni.<\/p>\n\n\n\n<p>Vladim\u00edr Fajta se sv\u00fdm \u010desk\u00fdm halov\u00fdm seniorsk\u00fdm rekordem dokonce p\u0159evy\u0161uje sv\u011btovou \u0161pi\u010dku, co\u017e si  m\u016f\u017eete ov\u011b\u0159it na p\u0159ilo\u017een\u00e9m z\u00e1znamu sv\u011btov\u00e9 federace i \u010desk\u00e9ho svazu.<br>L\u00e1\u010fo, moc ti gratulujeme a p\u0159ejeme, a\u0165 ti zdrav\u00ed dovol\u00ed st\u0159\u00edlet co nejd\u00e9le.<br><\/p>\n\n\n\n<figure class=\"wp-block-image size-large\"><img loading=\"lazy\" decoding=\"async\" width=\"1024\" height=\"660\" src=\"https:\/\/www.lukostrelbaklecany.cz\/wp-content\/uploads\/2020\/04\/svetovy-rekord-1024x660.jpg\" alt=\"\" class=\"wp-image-1490\" srcset=\"https:\/\/www.lukostrelbaklecany.cz\/wp-content\/uploads\/2020\/04\/svetovy-rekord-1024x660.jpg 1024w, https:\/\/www.lukostrelbaklecany.cz\/wp-content\/uploads\/2020\/04\/svetovy-rekord-300x193.jpg 300w, https:\/\/www.lukostrelbaklecany.cz\/wp-content\/uploads\/2020\/04\/svetovy-rekord-768x495.jpg 768w, https:\/\/www.lukostrelbaklecany.cz\/wp-content\/uploads\/2020\/04\/svetovy-rekord.jpg 1125w\" sizes=\"(max-width: 1024px) 100vw, 1024px\" \/><\/figure>\n","protected":false},"excerpt":{"rendered":"<p>D\u00edky obrovsk\u00e9 oblib\u011b a n\u00e1r\u016fstu \u010dlensk\u00e9 z\u00e1kladny za\u0159adila sv\u011btov\u00e1 lukost\u0159eleck\u00e1 federace hol\u00e9 luky mezi ofici\u00e1ln\u00ed lukost\u0159eleck\u00e9 discipl\u00edny (vedle reflexn\u00edch a kladkov\u00fdch luk\u016f). \u010cili i tuto kategorii uvid\u00edme nap\u0159. na mistrovstv\u00ed sv\u011bta a dal\u0161\u00edch velk\u00fdch turnaj\u00edch. Za\u010daly se evidovat tak\u00e9 sv\u011btov\u00e9 rekordy.M\u00e1m obrovskou radost, kdy\u017e vid\u00edm, \u017ee v\u00fdkony na\u0161ich st\u0159elc\u016f jsou na sv\u011btov\u00e9 \u00farovni. Vladim\u00edr Fajta &#8230; <a title=\"V\u00fdsledky sv\u011btov\u00e9 \u00farovn\u011b pro Klecany\" class=\"read-more\" href=\"https:\/\/www.lukostrelbaklecany.cz\/index.php\/2020\/04\/03\/vysledky-svetove-urovne-pro-klecany\/\">\u010d\u00edst v\u00edce<\/a><\/p>\n","protected":false},"author":1,"featured_media":0,"comment_status":"closed","ping_status":"open","sticky":false,"template":"","format":"standard","meta":{"ngg_post_thumbnail":0,"footnotes":""},"categories":[4],"tags":[],"_links":{"self":[{"href":"https:\/\/www.lukostrelbaklecany.cz\/index.php\/wp-json\/wp\/v2\/posts\/1489"}],"collection":[{"href":"https:\/\/www.lukostrelbaklecany.cz\/index.php\/wp-json\/wp\/v2\/posts"}],"about":[{"href":"https:\/\/www.lukostrelbaklecany.cz\/index.php\/wp-json\/wp\/v2\/types\/post"}],"author":[{"embeddable":true,"href":"https:\/\/www.lukostrelbaklecany.cz\/index.php\/wp-json\/wp\/v2\/users\/1"}],"replies":[{"embeddable":true,"href":"https:\/\/www.lukostrelbaklecany.cz\/index.php\/wp-json\/wp\/v2\/comments?post=1489"}],"version-history":[{"count":2,"href":"https:\/\/www.lukostrelbaklecany.cz\/index.php\/wp-json\/wp\/v2\/posts\/1489\/revisions"}],"predecessor-version":[{"id":1492,"href":"https:\/\/www.lukostrelbaklecany.cz\/index.php\/wp-json\/wp\/v2\/posts\/1489\/revisions\/1492"}],"wp:attachment":[{"href":"https:\/\/www.lukostrelbaklecany.cz\/index.php\/wp-json\/wp\/v2\/media?parent=1489"}],"wp:term":[{"taxonomy":"category","embeddable":true,"href":"https:\/\/www.lukostrelbaklecany.cz\/index.php\/wp-json\/wp\/v2\/categories?post=1489"},{"taxonomy":"post_tag","embeddable":true,"href":"https:\/\/www.lukostrelbaklecany.cz\/index.php\/wp-json\/wp\/v2\/tags?post=1489"}],"curies":[{"name":"wp","href":"https:\/\/api.w.org\/{rel}","templated":true}]}}