{"id":1564,"date":"2020-06-24T15:44:04","date_gmt":"2020-06-24T15:44:04","guid":{"rendered":"http:\/\/www.lukostrelbaklecany.cz\/?p=1564"},"modified":"2020-06-24T15:44:05","modified_gmt":"2020-06-24T15:44:05","slug":"prvni-zavod-v-klecanech","status":"publish","type":"post","link":"https:\/\/www.lukostrelbaklecany.cz\/index.php\/2020\/06\/24\/prvni-zavod-v-klecanech\/","title":{"rendered":"Prvn\u00ed z\u00e1vod v Klecanech"},"content":{"rendered":"\n<p>V sobotu <strong>27.6.2020<\/strong> ud\u011bl\u00e1me dal\u0161\u00ed velk\u00fd krok v z\u00e1vodn\u00ed lukost\u0159elb\u011b a budeme na na\u0161\u00ed st\u0159elnici v Horn\u00edch kas\u00e1rn\u00e1ch  <strong>po\u0159\u00e1dat  prvn\u00ed ofici\u00e1ln\u00ed z\u00e1vod<\/strong> v ter\u010dov\u00e9 lukost\u0159elb\u011b.<br>Na\u0161e z\u00e1vodn\u00ed sestava bude st\u0159\u00edlet t\u00e9m\u011b\u0159 v pln\u00e9m po\u010dtu &#8211; hol\u00e9, reflexn\u00ed i kladkov\u00e9 luky. Budeme sb\u00edrat body do dlouhodob\u00fdch sout\u011b\u017e\u00ed.  Kapacita st\u0159elnice je nyn\u00ed 20 st\u0159elc\u016f a doraz\u00ed i host\u00e9.<br>Div\u00e1ci jsou v\u00edce ne\u017e v\u00edt\u00e1ni. <strong>P\u0159ij\u010fte n\u00e1m fandit a pod\u00edvat se<\/strong>, jak takov\u00fd z\u00e1vod prob\u00edh\u00e1. <br>Zah\u00e1jen\u00ed prob\u011bhne v 9:30, samotn\u00fd z\u00e1vod v 10:00. Konec p\u0159edpokl\u00e1d\u00e1me mezi 12 a 13 hod.<\/p>\n\n\n\n<p>Mezit\u00edm na st\u0159elnici prob\u00edhaj\u00ed posledn\u00ed p\u0159\u00edpravy -sek\u00e1n\u00ed tr\u00e1vy, rozm\u011b\u0159en\u00ed p\u0159esn\u00fdch vzd\u00e1lenost\u00ed apod.<\/p>\n\n\n\n<figure class=\"wp-block-image size-large\"><img loading=\"lazy\" decoding=\"async\" width=\"1024\" height=\"768\" src=\"https:\/\/www.lukostrelbaklecany.cz\/wp-content\/uploads\/2020\/06\/IMG_20190817_095424-1-1024x768.jpg\" alt=\"\" class=\"wp-image-1569\" srcset=\"https:\/\/www.lukostrelbaklecany.cz\/wp-content\/uploads\/2020\/06\/IMG_20190817_095424-1-1024x768.jpg 1024w, https:\/\/www.lukostrelbaklecany.cz\/wp-content\/uploads\/2020\/06\/IMG_20190817_095424-1-300x225.jpg 300w, https:\/\/www.lukostrelbaklecany.cz\/wp-content\/uploads\/2020\/06\/IMG_20190817_095424-1-768x576.jpg 768w, https:\/\/www.lukostrelbaklecany.cz\/wp-content\/uploads\/2020\/06\/IMG_20190817_095424-1-1536x1152.jpg 1536w, https:\/\/www.lukostrelbaklecany.cz\/wp-content\/uploads\/2020\/06\/IMG_20190817_095424-1-2048x1536.jpg 2048w\" sizes=\"(max-width: 1024px) 100vw, 1024px\" \/><\/figure>\n\n\n\n<figure class=\"wp-block-image size-large\"><img loading=\"lazy\" decoding=\"async\" width=\"1024\" height=\"331\" src=\"https:\/\/www.lukostrelbaklecany.cz\/wp-content\/uploads\/2020\/06\/IMG-20200623-WA0009.jpg\" alt=\"\" class=\"wp-image-1570\" srcset=\"https:\/\/www.lukostrelbaklecany.cz\/wp-content\/uploads\/2020\/06\/IMG-20200623-WA0009.jpg 1024w, https:\/\/www.lukostrelbaklecany.cz\/wp-content\/uploads\/2020\/06\/IMG-20200623-WA0009-300x97.jpg 300w, https:\/\/www.lukostrelbaklecany.cz\/wp-content\/uploads\/2020\/06\/IMG-20200623-WA0009-768x248.jpg 768w\" sizes=\"(max-width: 1024px) 100vw, 1024px\" \/><\/figure>\n","protected":false},"excerpt":{"rendered":"<p>V sobotu 27.6.2020 ud\u011bl\u00e1me dal\u0161\u00ed velk\u00fd krok v z\u00e1vodn\u00ed lukost\u0159elb\u011b a budeme na na\u0161\u00ed st\u0159elnici v Horn\u00edch kas\u00e1rn\u00e1ch po\u0159\u00e1dat prvn\u00ed ofici\u00e1ln\u00ed z\u00e1vod v ter\u010dov\u00e9 lukost\u0159elb\u011b.Na\u0161e z\u00e1vodn\u00ed sestava bude st\u0159\u00edlet t\u00e9m\u011b\u0159 v pln\u00e9m po\u010dtu &#8211; hol\u00e9, reflexn\u00ed i kladkov\u00e9 luky. Budeme sb\u00edrat body do dlouhodob\u00fdch sout\u011b\u017e\u00ed. Kapacita st\u0159elnice je nyn\u00ed 20 st\u0159elc\u016f a doraz\u00ed i host\u00e9.Div\u00e1ci &#8230; <a title=\"Prvn\u00ed z\u00e1vod v Klecanech\" class=\"read-more\" href=\"https:\/\/www.lukostrelbaklecany.cz\/index.php\/2020\/06\/24\/prvni-zavod-v-klecanech\/\">\u010d\u00edst v\u00edce<\/a><\/p>\n","protected":false},"author":1,"featured_media":0,"comment_status":"closed","ping_status":"open","sticky":false,"template":"","format":"standard","meta":{"ngg_post_thumbnail":0,"footnotes":""},"categories":[4],"tags":[],"_links":{"self":[{"href":"https:\/\/www.lukostrelbaklecany.cz\/index.php\/wp-json\/wp\/v2\/posts\/1564"}],"collection":[{"href":"https:\/\/www.lukostrelbaklecany.cz\/index.php\/wp-json\/wp\/v2\/posts"}],"about":[{"href":"https:\/\/www.lukostrelbaklecany.cz\/index.php\/wp-json\/wp\/v2\/types\/post"}],"author":[{"embeddable":true,"href":"https:\/\/www.lukostrelbaklecany.cz\/index.php\/wp-json\/wp\/v2\/users\/1"}],"replies":[{"embeddable":true,"href":"https:\/\/www.lukostrelbaklecany.cz\/index.php\/wp-json\/wp\/v2\/comments?post=1564"}],"version-history":[{"count":7,"href":"https:\/\/www.lukostrelbaklecany.cz\/index.php\/wp-json\/wp\/v2\/posts\/1564\/revisions"}],"predecessor-version":[{"id":1574,"href":"https:\/\/www.lukostrelbaklecany.cz\/index.php\/wp-json\/wp\/v2\/posts\/1564\/revisions\/1574"}],"wp:attachment":[{"href":"https:\/\/www.lukostrelbaklecany.cz\/index.php\/wp-json\/wp\/v2\/media?parent=1564"}],"wp:term":[{"taxonomy":"category","embeddable":true,"href":"https:\/\/www.lukostrelbaklecany.cz\/index.php\/wp-json\/wp\/v2\/categories?post=1564"},{"taxonomy":"post_tag","embeddable":true,"href":"https:\/\/www.lukostrelbaklecany.cz\/index.php\/wp-json\/wp\/v2\/tags?post=1564"}],"curies":[{"name":"wp","href":"https:\/\/api.w.org\/{rel}","templated":true}]}}