{"id":1619,"date":"2020-07-30T17:48:21","date_gmt":"2020-07-30T17:48:21","guid":{"rendered":"http:\/\/www.lukostrelbaklecany.cz\/?p=1619"},"modified":"2020-07-30T17:48:23","modified_gmt":"2020-07-30T17:48:23","slug":"klecansky-zavod-c-2-malem-nas-to-odfouklo-presto-jsme-se-opet-priblizili-rekordum","status":"publish","type":"post","link":"https:\/\/www.lukostrelbaklecany.cz\/index.php\/2020\/07\/30\/klecansky-zavod-c-2-malem-nas-to-odfouklo-presto-jsme-se-opet-priblizili-rekordum\/","title":{"rendered":"Klecansk\u00fd z\u00e1vod \u010d.2 &#8211;  m\u00e1lem n\u00e1s to odfouklo, p\u0159esto jsme se op\u011bt p\u0159ibl\u00ed\u017eili  rekord\u016fm"},"content":{"rendered":"\n<p>V \u00fater\u00fd 28.7.2020 se na na\u0161\u00ed st\u0159elnici v Klecanech konal ji\u017e druh\u00fd ofici\u00e1ln\u00ed z\u00e1vod, kter\u00e9ho se z\u00fa\u010dastnilo celkem 19 st\u0159elc\u016f ze 4 klub\u016f.<\/p>\n\n\n\n<figure class=\"wp-block-image size-large is-resized\"><img loading=\"lazy\" decoding=\"async\" src=\"https:\/\/www.lukostrelbaklecany.cz\/wp-content\/uploads\/2020\/07\/D389C459-CE99-4155-9AF8-46B3B4199F70-1024x575.jpeg\" alt=\"\" class=\"wp-image-1629\" width=\"684\" height=\"383\" srcset=\"https:\/\/www.lukostrelbaklecany.cz\/wp-content\/uploads\/2020\/07\/D389C459-CE99-4155-9AF8-46B3B4199F70-1024x575.jpeg 1024w, https:\/\/www.lukostrelbaklecany.cz\/wp-content\/uploads\/2020\/07\/D389C459-CE99-4155-9AF8-46B3B4199F70-300x169.jpeg 300w, https:\/\/www.lukostrelbaklecany.cz\/wp-content\/uploads\/2020\/07\/D389C459-CE99-4155-9AF8-46B3B4199F70-1536x863.jpeg 1536w, https:\/\/www.lukostrelbaklecany.cz\/wp-content\/uploads\/2020\/07\/D389C459-CE99-4155-9AF8-46B3B4199F70-2048x1151.jpeg 2048w\" sizes=\"(max-width: 684px) 100vw, 684px\" \/><\/figure>\n\n\n\n<p><br>P\u0159i n\u00e1stupu je\u0161t\u011b do\u0161lo na p\u0159ed\u00e1n\u00ed ofici\u00e1ln\u00edho potvrzen\u00ed sv\u011btov\u00e9ho rekordu L\u00e1\u010fovi Fajtovi &#8211; v\u00edce info o rekordu zde:<br><a href=\"https:\/\/www.lukostrelbaklecany.cz\/index.php\/2020\/07\/09\/svetovy-rekord-pro-klecany\/\">https:\/\/www.lukostrelbaklecany.cz\/index.php\/2020\/07\/09\/svetovy-rekord-pro-klecany\/<\/a><\/p>\n\n\n\n<figure class=\"wp-block-image size-large is-resized\"><img loading=\"lazy\" decoding=\"async\" src=\"https:\/\/www.lukostrelbaklecany.cz\/wp-content\/uploads\/2020\/07\/Rekord-WA-744x1024.jpg\" alt=\"\" class=\"wp-image-1620\" width=\"286\" height=\"394\" srcset=\"https:\/\/www.lukostrelbaklecany.cz\/wp-content\/uploads\/2020\/07\/Rekord-WA-744x1024.jpg 744w, https:\/\/www.lukostrelbaklecany.cz\/wp-content\/uploads\/2020\/07\/Rekord-WA-218x300.jpg 218w, https:\/\/www.lukostrelbaklecany.cz\/wp-content\/uploads\/2020\/07\/Rekord-WA-768x1057.jpg 768w, https:\/\/www.lukostrelbaklecany.cz\/wp-content\/uploads\/2020\/07\/Rekord-WA-1116x1536.jpg 1116w, https:\/\/www.lukostrelbaklecany.cz\/wp-content\/uploads\/2020\/07\/Rekord-WA-1488x2048.jpg 1488w, https:\/\/www.lukostrelbaklecany.cz\/wp-content\/uploads\/2020\/07\/Rekord-WA.jpg 1556w\" sizes=\"(max-width: 286px) 100vw, 286px\" \/><\/figure>\n\n\n\n<p><br>My jsme si na tento z\u00e1vod nahl\u00e1sili z\u00e1pis v\u00fdsledk\u016f do dlouhodob\u00fdch sout\u011b\u017e\u00ed v\u0161ech na\u0161ich dru\u017estev. Proto jsme znerv\u00f3zn\u011bli, kdy\u017e cel\u00e9 odpoledne siln\u011b foukalo a \u010d\u00edm v\u00edce se bl\u00ed\u017eil za\u010d\u00e1tek z\u00e1vodu, t\u00edm v\u00edce nab\u00edral v\u00edtr na s\u00edle. Situaci zhor\u0161ovalo nav\u00edc to, \u017ee nefoukalo ust\u00e1len\u011b, ale velmi n\u00e1razov\u011b. Chv\u00edli jsme s rozhod\u010d\u00edm uva\u017eovali o ukon\u010den\u00ed z\u00e1vodu, v\u011bt\u0161ina z\u00e1vodn\u00edk\u016f se ale rozhodla pro pokra\u010dov\u00e1n\u00ed. Za to jim jako tren\u00e9r (a st\u0159elec) mus\u00edm slo\u017eit poklonu.<br>Co jsem ale opravdu ne\u010dekal, jak\u00e9 v\u00fdsledky natruc po\u010das\u00ed nast\u0159\u00edl\u00edme.<br>Nejl\u00e9pe bojovalo dru\u017estvo hol\u00fdch luk\u016f. L\u00e1\u010fa s Tom\u00e1\u0161em zaostali za Tom\u00e1\u0161ov\u00fdm \u010desk\u00fdm rekordem (nast\u0159\u00edlen\u00fdm za ide\u00e1ln\u00edho po\u010das\u00ed) pouze o 8 resp. 4 body. Karol\u00edna p\u0159idala do dru\u017estva dal\u0161\u00edch 528b a celkov\u00fd v\u00fdsledek 1756b  je nejlep\u0161\u00edm leto\u0161n\u00edm v\u00fdsledkem za celou sezonu.<br>St\u0159elci s reflexn\u00edmi luky vylep\u0161ili sv\u016fj v\u00fdsledek z prvn\u00edho kola o 30b a zapisuj\u00ed 1607b.<br>No a n\u00e1m, kladk\u00e1m, to moc nevy\u0161lo. Nejl\u00edp st\u0159\u00edlel Martin Dufek, kter\u00fd d\u011bl\u00e1 velk\u00e9 pokroky a v\u011bnuje se nadpr\u016fm\u011brn\u011b i fyzick\u00e9 p\u0159\u00edprav\u011b. Co\u017e pr\u00e1v\u011b za nep\u0159\u00edzniv\u00fdch podm\u00ednek nelze ni\u010d\u00edm nahradit. V neposledn\u00ed \u0159ad\u011b m\u00e1 tak\u00e9 sv\u016fj fanklub, co\u017e mu my ostatn\u00ed z\u00e1vid\u00edme \ud83d\ude42<br><br>T\u011b\u0161\u00edme se na v\u00e1s na na\u0161ich dal\u0161\u00edch z\u00e1vodech a p\u0159i lekc\u00edch pro ve\u0159ejnost.<br><br>Vypadalo to asi takto:<\/p>\n\n\n\n<figure class=\"wp-block-video\"><video autoplay loop muted src=\"https:\/\/www.lukostrelbaklecany.cz\/wp-content\/uploads\/2020\/07\/VID-20200730-WA0006.mp4\"><\/video><\/figure>\n\n\n\n<figure class=\"wp-block-video\"><video autoplay loop muted src=\"https:\/\/www.lukostrelbaklecany.cz\/wp-content\/uploads\/2020\/07\/VID-20200730-WA0005.mp4\"><\/video><\/figure>\n","protected":false},"excerpt":{"rendered":"<p>V \u00fater\u00fd 28.7.2020 se na na\u0161\u00ed st\u0159elnici v Klecanech konal ji\u017e druh\u00fd ofici\u00e1ln\u00ed z\u00e1vod, kter\u00e9ho se z\u00fa\u010dastnilo celkem 19 st\u0159elc\u016f ze 4 klub\u016f. P\u0159i n\u00e1stupu je\u0161t\u011b do\u0161lo na p\u0159ed\u00e1n\u00ed ofici\u00e1ln\u00edho potvrzen\u00ed sv\u011btov\u00e9ho rekordu L\u00e1\u010fovi Fajtovi &#8211; v\u00edce info o rekordu zde:https:\/\/www.lukostrelbaklecany.cz\/index.php\/2020\/07\/09\/svetovy-rekord-pro-klecany\/ My jsme si na tento z\u00e1vod nahl\u00e1sili z\u00e1pis v\u00fdsledk\u016f do dlouhodob\u00fdch sout\u011b\u017e\u00ed v\u0161ech na\u0161ich &#8230; <a title=\"Klecansk\u00fd z\u00e1vod \u010d.2 &#8211;  m\u00e1lem n\u00e1s to odfouklo, p\u0159esto jsme se op\u011bt p\u0159ibl\u00ed\u017eili  rekord\u016fm\" class=\"read-more\" href=\"https:\/\/www.lukostrelbaklecany.cz\/index.php\/2020\/07\/30\/klecansky-zavod-c-2-malem-nas-to-odfouklo-presto-jsme-se-opet-priblizili-rekordum\/\">\u010d\u00edst v\u00edce<\/a><\/p>\n","protected":false},"author":1,"featured_media":0,"comment_status":"closed","ping_status":"open","sticky":false,"template":"","format":"standard","meta":{"ngg_post_thumbnail":0,"footnotes":""},"categories":[4],"tags":[],"_links":{"self":[{"href":"https:\/\/www.lukostrelbaklecany.cz\/index.php\/wp-json\/wp\/v2\/posts\/1619"}],"collection":[{"href":"https:\/\/www.lukostrelbaklecany.cz\/index.php\/wp-json\/wp\/v2\/posts"}],"about":[{"href":"https:\/\/www.lukostrelbaklecany.cz\/index.php\/wp-json\/wp\/v2\/types\/post"}],"author":[{"embeddable":true,"href":"https:\/\/www.lukostrelbaklecany.cz\/index.php\/wp-json\/wp\/v2\/users\/1"}],"replies":[{"embeddable":true,"href":"https:\/\/www.lukostrelbaklecany.cz\/index.php\/wp-json\/wp\/v2\/comments?post=1619"}],"version-history":[{"count":11,"href":"https:\/\/www.lukostrelbaklecany.cz\/index.php\/wp-json\/wp\/v2\/posts\/1619\/revisions"}],"predecessor-version":[{"id":1634,"href":"https:\/\/www.lukostrelbaklecany.cz\/index.php\/wp-json\/wp\/v2\/posts\/1619\/revisions\/1634"}],"wp:attachment":[{"href":"https:\/\/www.lukostrelbaklecany.cz\/index.php\/wp-json\/wp\/v2\/media?parent=1619"}],"wp:term":[{"taxonomy":"category","embeddable":true,"href":"https:\/\/www.lukostrelbaklecany.cz\/index.php\/wp-json\/wp\/v2\/categories?post=1619"},{"taxonomy":"post_tag","embeddable":true,"href":"https:\/\/www.lukostrelbaklecany.cz\/index.php\/wp-json\/wp\/v2\/tags?post=1619"}],"curies":[{"name":"wp","href":"https:\/\/api.w.org\/{rel}","templated":true}]}}