{"id":1636,"date":"2020-08-07T18:07:53","date_gmt":"2020-08-07T18:07:53","guid":{"rendered":"http:\/\/www.lukostrelbaklecany.cz\/?p=1636"},"modified":"2020-08-07T18:07:54","modified_gmt":"2020-08-07T18:07:54","slug":"vikendovy-dvojzavod-martina-a-jakuba","status":"publish","type":"post","link":"https:\/\/www.lukostrelbaklecany.cz\/index.php\/2020\/08\/07\/vikendovy-dvojzavod-martina-a-jakuba\/","title":{"rendered":"V\u00edkendov\u00fd dvojz\u00e1vod Martina a Jakuba"},"content":{"rendered":"\n<p>Po  \u00fatern\u00edm v\u011btrn\u00e9m z\u00e1vod\u011b na domovsk\u00e9 st\u0159elnici v Klecanech si dva \u010dlenov\u00e9  t\u00fdmu kladkov\u00fdch luk\u016f cht\u011bli spravit chu\u0165 a vyrazili na z\u00e1vody  s  mezin\u00e1rodn\u00ed \u00fa\u010dast\u00ed do Nov\u00e9ho  M\u011bsta nad Metuj\u00ed. Martin Dufek a Jakub E\u010der si tak mohli pom\u011b\u0159it s\u00edly  jak s dom\u00e1c\u00edmi sportovci, tak se st\u0159elci ze Slovenska a Polska.<\/p>\n\n\n\n<p>V  z\u00e1kladn\u00ed skupin\u011b Jakub s Martinem p\u0159edvedli mnohem lep\u0161\u00ed v\u00fdkon ne\u017e p\u0159i  \u00fatern\u00edm v\u011btrn\u00e9m torn\u00e1du a nast\u0159\u00edleli solidn\u00edch 658b (Jakub) a 660b  (Martin). St\u0159\u00edlela se sestava WA720, co\u017e je celkem 72 \u0161\u00edp\u016f na vzd\u00e1lenost 50m, kdy m\u00e1 st\u0159ed ter\u010de po\u010d\u00edtan\u00fd za 10 bod\u016f pr\u016fm\u011br 8 cm. Oproti v\u011bt\u0161in\u011b z\u00e1vod\u016f v \u010cR byl v\u0161ak tento specifick\u00fd t\u00edm, \u017ee se  st\u0159\u00edlely je\u0161t\u011b tzv. eliminace, \u010dili souboje jeden na jednoho, kdy se  st\u0159\u00edl\u00ed 5 sad po 3 \u0161\u00edpech. Podle v\u00fdsledk\u016f z\u00e1kladn\u00ed skupiny se pak dosazuj\u00ed st\u0159elci do elimina\u010dn\u00edch souboj\u016f. V elimina\u010dn\u00edm kole Jakub bohu\u017eel nesta\u010dil na  \u0161pi\u010dkov\u00e9ho slovensk\u00e9ho z\u00e1vodn\u00edka Marcela Pavl\u00edka a vypadl ji\u017e ve  \u010dtvrtfin\u00e1le. Martin nem\u00e1 s elimina\u010dn\u00edmi z\u00e1vody tolik zku\u0161enost\u00ed a  prozat\u00edm se mu v osobn\u00edch souboj\u00edch nepoda\u0159ilo postoupit. V Nov\u00e9m M\u011bst\u011b ale chytil formu a probojoval se d\u00edky dv\u011bma v\u00fdhr\u00e1m do semifin\u00e1le. Tam v\u0161ak tak\u00e9 narazil na Pavl\u00edka, kter\u00fd jeho nad\u011bji na boj o zlato ukon\u010dil.  Duel o bronz tak prob\u00edhal na mezin\u00e1rodn\u00ed \u00farovni v nervy dr\u00e1saj\u00edc\u00edm souboji s polsk\u00fdm reprezentantem. Po \u010dtvrt\u00e9 sad\u011b m\u011bli st\u0159elci nerozhodn\u00e9  sk\u00f3re 113:113. Martin udr\u017eel nervy na uzd\u011b a v posledn\u00edm rozst\u0159elu  p\u0159ekonal Pol\u00e1ka o dva body a odnesl si tak velmi dobr\u00e9 3. m\u00edsto.<\/p>\n\n\n\n<p>Zdravotn\u00ed  stav bohu\u017eel nedovolil Jakubovi nastoupit do ned\u011bln\u00edho z\u00e1vodu a barvy Klecan h\u00e1jil pouze Martin. V prvn\u00ed polovin\u011b se z\u00e1vod vyv\u00edjel velmi slibn\u011b. V posledn\u00ed sad\u011b prvn\u00ed p\u016fle dokonce Martin ani jednou neminul st\u0159ed a dal tak pln\u00fd po\u010det 60 bod\u016f za sadu, co\u017e pro n\u011bj bylo v  jeho dosavadn\u00ed z\u00e1vodn\u00ed kari\u00e9\u0159e poprv\u00e9. Sk\u00f3re 339 bod\u016f v polovin\u011b  z\u00e1kladn\u00ed skupiny tak zav\u00e1n\u011blo nov\u00fdm osobn\u00edm rekordem. Bohu\u017eel druh\u00e1  polovina se nevyv\u00edjela dle o\u010dek\u00e1v\u00e1n\u00ed. Prvn\u00ed sada s 53 body nen\u00ed dobr\u00fd  start a st\u0159elit ve \u010dtvrt\u00e9 sad\u011b dokonce \u0161estku rozhodn\u011b nen\u00ed zp\u016fsob, jak  zlep\u0161it sv\u00e9 osobn\u00ed maximum. I p\u0159esto se nakonec zada\u0159ilo a Martin zvedl &#8222;osob\u00e1k&#8220; alespo\u0148 o 1 bod na v\u00fdborn\u00fdch 670 bod\u016f.&nbsp;<\/p>\n\n\n\n<p>V  eliminac\u00edch m\u011bl klecansk\u00fd z\u00e1vodn\u00edk voln\u00fd posutp z osmifin\u00e1le a ve  \u010dtvrtfin\u00e1le pak op\u011bt narazil na polsk\u00e9ho reprezentanta, se kter\u00fdm v  sobotu \u00fasp\u011b\u0161n\u011b bojoval o bronz. Tentokr\u00e1t se v\u0161ak v\u016fbec neda\u0159ilo a  polsk\u00fd z\u00e1vodn\u00edk si od za\u010d\u00e1tku budoval n\u00e1skok. Martin je\u0161t\u011b v  p\u0159edposledn\u00ed sad\u011b lehce dot\u00e1hl, ale i tak nakonec prohr\u00e1l o 4 body a  z\u00e1vod t\u00edm pro n\u011bj skon\u010dil. N\u00e1plast\u00ed tak Martinovi mohlo b\u00fdt zlep\u0161en\u00ed  osobn\u00edho rekordu a v\u011bdom\u00ed, \u017ee potenci\u00e1l na n\u00e1st\u0159el sk\u00f3re okolo 680 bod\u016f rozhodn\u011b je.<\/p>\n","protected":false},"excerpt":{"rendered":"<p>Po \u00fatern\u00edm v\u011btrn\u00e9m z\u00e1vod\u011b na domovsk\u00e9 st\u0159elnici v Klecanech si dva \u010dlenov\u00e9 t\u00fdmu kladkov\u00fdch luk\u016f cht\u011bli spravit chu\u0165 a vyrazili na z\u00e1vody s mezin\u00e1rodn\u00ed \u00fa\u010dast\u00ed do Nov\u00e9ho M\u011bsta nad Metuj\u00ed. Martin Dufek a Jakub E\u010der si tak mohli pom\u011b\u0159it s\u00edly jak s dom\u00e1c\u00edmi sportovci, tak se st\u0159elci ze Slovenska a Polska. V z\u00e1kladn\u00ed skupin\u011b Jakub &#8230; <a title=\"V\u00edkendov\u00fd dvojz\u00e1vod Martina a Jakuba\" class=\"read-more\" href=\"https:\/\/www.lukostrelbaklecany.cz\/index.php\/2020\/08\/07\/vikendovy-dvojzavod-martina-a-jakuba\/\">\u010d\u00edst v\u00edce<\/a><\/p>\n","protected":false},"author":1,"featured_media":0,"comment_status":"closed","ping_status":"open","sticky":false,"template":"","format":"standard","meta":{"ngg_post_thumbnail":0,"footnotes":""},"categories":[4],"tags":[],"_links":{"self":[{"href":"https:\/\/www.lukostrelbaklecany.cz\/index.php\/wp-json\/wp\/v2\/posts\/1636"}],"collection":[{"href":"https:\/\/www.lukostrelbaklecany.cz\/index.php\/wp-json\/wp\/v2\/posts"}],"about":[{"href":"https:\/\/www.lukostrelbaklecany.cz\/index.php\/wp-json\/wp\/v2\/types\/post"}],"author":[{"embeddable":true,"href":"https:\/\/www.lukostrelbaklecany.cz\/index.php\/wp-json\/wp\/v2\/users\/1"}],"replies":[{"embeddable":true,"href":"https:\/\/www.lukostrelbaklecany.cz\/index.php\/wp-json\/wp\/v2\/comments?post=1636"}],"version-history":[{"count":3,"href":"https:\/\/www.lukostrelbaklecany.cz\/index.php\/wp-json\/wp\/v2\/posts\/1636\/revisions"}],"predecessor-version":[{"id":1639,"href":"https:\/\/www.lukostrelbaklecany.cz\/index.php\/wp-json\/wp\/v2\/posts\/1636\/revisions\/1639"}],"wp:attachment":[{"href":"https:\/\/www.lukostrelbaklecany.cz\/index.php\/wp-json\/wp\/v2\/media?parent=1636"}],"wp:term":[{"taxonomy":"category","embeddable":true,"href":"https:\/\/www.lukostrelbaklecany.cz\/index.php\/wp-json\/wp\/v2\/categories?post=1636"},{"taxonomy":"post_tag","embeddable":true,"href":"https:\/\/www.lukostrelbaklecany.cz\/index.php\/wp-json\/wp\/v2\/tags?post=1636"}],"curies":[{"name":"wp","href":"https:\/\/api.w.org\/{rel}","templated":true}]}}