{"id":269,"date":"2019-01-20T18:56:46","date_gmt":"2019-01-20T18:56:46","guid":{"rendered":"http:\/\/www.lukostrelbaklecany.cz\/?p=269"},"modified":"2019-01-20T18:56:46","modified_gmt":"2019-01-20T18:56:46","slug":"fenomen-lada-dva-ceske-rekordy-behem-jednoho-dne","status":"publish","type":"post","link":"https:\/\/www.lukostrelbaklecany.cz\/index.php\/2019\/01\/20\/fenomen-lada-dva-ceske-rekordy-behem-jednoho-dne\/","title":{"rendered":"Fenom\u00e9n L\u00e1\u010fa &#8211;  dva \u010desk\u00e9 rekordy b\u011bhem jednoho dne"},"content":{"rendered":"<p>Dnes byl dal\u0161\u00ed velk\u00fd den pro Vladim\u00edra Fajtu a n\u00e1\u0161 lukost\u0159eleck\u00fd klub.<br \/>\nKdo n\u00e1s trochu sledujete, tak v\u00edte, \u017ee L\u00e1\u010fa je dr\u017eitelem \u010desk\u00e9ho rekordu v ter\u010dov\u00e9 lukost\u0159elb\u011b v kategorii hol\u00fd luk masters\/senio\u0159i a sestav\u011b WA720.<br \/>\nTento rekord nast\u0159\u00edlel ve sv\u00e9 prvn\u00ed plnohodnotn\u00e9 venkovn\u00ed sezon\u011b v roce 2018.<br \/>\nPro m\u00e9n\u011b znal\u00e9 ve zkratce: hol\u00fd luk je z\u00e1vodn\u00ed reflexn\u00ed luk, kter\u00fd ale nen\u00ed osazen zam\u011b\u0159ova\u010dem a stabiliz\u00e1tory. Kategorie masters\/senio\u0159i je ur\u010dena pro st\u0159elce star\u0161\u00ed 50 let a sestava WA720 pro tuto kategorii znamen\u00e1 72 \u0161\u00edp\u016f na vzd\u00e1lenost 30m a ter\u010d o pr\u016fm\u011bru 60cm.<br \/>\nL\u00e1\u010fa n\u00e1st\u0159elem 595b posunul tehdej\u0161\u00ed rekord o v\u00edce ne\u017e 10b a z\u00e1rove\u0148 t\u00edm srovnal mu\u017esk\u00fd rekord t\u00e9to kategorie, kter\u00fd ustavil p. B\u0159ezina t\u00fdden p\u0159ed t\u00edm.<br \/>\nZvl\u00e1dl tak\u00e9 ve sv\u00e9 prvn\u00ed sezon\u011b 2017\/2018 vyhr\u00e1t halov\u00e9 M\u010cR a um\u00edstit se jako druh\u00fd v P\u0159eboru hol\u00fdch luk\u016f &#8211; nejvy\u0161\u0161\u00ed sout\u011b\u017ei v t\u00e9to kategoii. Byl tak\u00e9 \u010dlenem st\u0159\u00edbrn\u00e9ho dru\u017estva z P\u0159eboru.<br \/>\nAmbice na halovou sezonu byly proto vysok\u00e9 a L\u00e1\u010fa \u0161el hned od za\u010d\u00e1tku &#8222;do pln\u00fdch&#8220;, pravideln\u011b st\u0159\u00edl\u00ed p\u0159es 500b, v\u011bt\u0161inou p\u0159es 520b.<br \/>\nPlatn\u00fd rekord s hodnotou 526b pro masters zat\u00edm dvakr\u00e1t vyrovnal, ale p\u0159ekonat se neda\u0159ilo.<br \/>\nA\u017e dnes 20.1.2019 v\u0161e klaplo dle p\u0159edstav, snad se vyplatily i drobn\u00e9 korekce v tr\u00e9ninku.<br \/>\nL\u00e1\u010fa si pravideln\u011b d\u00e1v\u00e1 dvoj\u00e1ky &#8211; dva z\u00e1vody v jeden den. U\u017e v rann\u00edm z\u00e1vodu na Tyr\u0161ov\u011b vrchu n\u00e1m bylo v polovin\u011b jasn\u00e9, \u017ee tentokr\u00e1t m\u00ed\u0159\u00ed k p\u0159ekon\u00e1n\u00ed rekordu. 265b z 300 mo\u017en\u00fdch slibovalo cca 530b celkov\u011b. Napjat\u011b jsme sledovali online v\u00fdsledky, kter\u00e9 ale v posledn\u00ed sad\u011b p\u0159estaly fungovat a my tak netu\u0161ili, jestli m\u016f\u017eeme gratulovat. L\u00e1\u010fovi sta\u010dilo pro n\u011bj b\u011b\u017en\u00fdch 24b a rekord by byl p\u0159ekon\u00e1n. Nakonec dorazila SMS, \u017ee se zada\u0159ilo, posledn\u00ed sada 26b a v\u00fdsledek 529b znamenal nov\u00fd rekord!<br \/>\nZ legrace jsem \u0159\u00edkal, \u017ee L\u00e1\u010fa se dopoledne pouze zah\u0159\u00edv\u00e1 (co\u017e tak v minulosti opravdu bylo) a odpoledne je\u0161t\u011b p\u0159id\u00e1. To jsem netu\u0161il, jak\u00e1 bude realita. Prvn\u00ed polovina odpoledn\u00edho z\u00e1vodu byla t\u00e9m\u011b\u0159 dokonal\u00e1 a v\u00fdsledek 273b znamen\u00e1 pr\u016fm\u011br lehce p\u0159es 9b na \u0161\u00edp. L\u00e1\u010fa udr\u017eel koncentraci a druhou polovinu p\u0159idal dal\u0161\u00edch 270b na celkov\u00fdch 543b. Co\u017e znamenalo nejen posun vlastn\u00edho p\u00e1r hodin star\u00e9ho rekordu, ale tak\u00e9 nov\u00fd rekord v mu\u017esk\u00e9 kategorii.<br \/>\nT\u011bmito v\u00fdsledky u\u017e d\u00fdch\u00e1 na z\u00e1da i st\u0159elc\u016fm s olympijsk\u00fdmi luky a n\u011bkter\u00fdm s kladkov\u00fdmi. Velikost ter\u010de je v hale pro tyto kategorie stejn\u00e1.<\/p>\n<p>\u010cek\u00e1me na ofici\u00e1ln\u00ed potvrzen\u00ed. Pot\u00e9 bude Vladim\u00edr Fajta dr\u017eitelem t\u0159ech \u010desk\u00fdch rekord\u016f.<br \/>\nGratulujeme a d\u011bkujeme za \u0161pi\u010dkovou reprezentaci na\u0161eho klubu.<\/p>\n<!-- default-view.php -->\n<div\n\tclass=\"ngg-galleryoverview default-view \n\t ngg-ajax-pagination-none\t\"\n\tid=\"ngg-gallery-2f4fe683f522c0f182696f4df16c49ec-1\">\n\n\t\t<!-- Thumbnails -->\n\t\t\t\t<div id=\"ngg-image-0\" class=\"ngg-gallery-thumbnail-box \n\t\t\t\t\t\t\t\t\t\t\t\" \n\t\t\t>\n\t\t\t\t\t\t<div class=\"ngg-gallery-thumbnail\">\n\t\t\t<a href=\"https:\/\/www.lukostrelbaklecany.cz\/wp-content\/gallery\/michle-20-1-2019\/IMG-2290.JPG\"\n\t\t\t\ttitle=\"\"\n\t\t\t\tdata-src=\"https:\/\/www.lukostrelbaklecany.cz\/wp-content\/gallery\/michle-20-1-2019\/IMG-2290.JPG\"\n\t\t\t\tdata-thumbnail=\"https:\/\/www.lukostrelbaklecany.cz\/wp-content\/gallery\/michle-20-1-2019\/thumbs\/thumbs_IMG-2290.JPG\"\n\t\t\t\tdata-image-id=\"15\"\n\t\t\t\tdata-title=\"Rekord\"\n\t\t\t\tdata-description=\"\"\n\t\t\t\tdata-image-slug=\"img-2290\"\n\t\t\t\tclass=\"ngg-simplelightbox\" rel=\"2f4fe683f522c0f182696f4df16c49ec\">\n\t\t\t\t<img\n\t\t\t\t\ttitle=\"Rekord\"\n\t\t\t\t\talt=\"Rekord\"\n\t\t\t\t\tsrc=\"https:\/\/www.lukostrelbaklecany.cz\/wp-content\/gallery\/michle-20-1-2019\/thumbs\/thumbs_IMG-2290.JPG\"\n\t\t\t\t\twidth=\"240\"\n\t\t\t\t\theight=\"160\"\n\t\t\t\t\tstyle=\"max-width:100%;\"\n\t\t\t\t\/>\n\t\t\t<\/a>\n\t\t<\/div>\n\t\t\t\t\t\t\t<\/div> \n\t\t\t\n\t\t\t\t<div id=\"ngg-image-1\" class=\"ngg-gallery-thumbnail-box \n\t\t\t\t\t\t\t\t\t\t\t\" \n\t\t\t>\n\t\t\t\t\t\t<div class=\"ngg-gallery-thumbnail\">\n\t\t\t<a href=\"https:\/\/www.lukostrelbaklecany.cz\/wp-content\/gallery\/michle-20-1-2019\/IMG-2294.JPG\"\n\t\t\t\ttitle=\"\"\n\t\t\t\tdata-src=\"https:\/\/www.lukostrelbaklecany.cz\/wp-content\/gallery\/michle-20-1-2019\/IMG-2294.JPG\"\n\t\t\t\tdata-thumbnail=\"https:\/\/www.lukostrelbaklecany.cz\/wp-content\/gallery\/michle-20-1-2019\/thumbs\/thumbs_IMG-2294.JPG\"\n\t\t\t\tdata-image-id=\"16\"\n\t\t\t\tdata-title=\"Skupinovka\"\n\t\t\t\tdata-description=\"\"\n\t\t\t\tdata-image-slug=\"img-2294\"\n\t\t\t\tclass=\"ngg-simplelightbox\" rel=\"2f4fe683f522c0f182696f4df16c49ec\">\n\t\t\t\t<img\n\t\t\t\t\ttitle=\"Skupinovka\"\n\t\t\t\t\talt=\"Skupinovka\"\n\t\t\t\t\tsrc=\"https:\/\/www.lukostrelbaklecany.cz\/wp-content\/gallery\/michle-20-1-2019\/thumbs\/thumbs_IMG-2294.JPG\"\n\t\t\t\t\twidth=\"240\"\n\t\t\t\t\theight=\"160\"\n\t\t\t\t\tstyle=\"max-width:100%;\"\n\t\t\t\t\/>\n\t\t\t<\/a>\n\t\t<\/div>\n\t\t\t\t\t\t\t<\/div> \n\t\t\t\n\t\t\t\t<div id=\"ngg-image-2\" class=\"ngg-gallery-thumbnail-box \n\t\t\t\t\t\t\t\t\t\t\t\" \n\t\t\t>\n\t\t\t\t\t\t<div class=\"ngg-gallery-thumbnail\">\n\t\t\t<a href=\"https:\/\/www.lukostrelbaklecany.cz\/wp-content\/gallery\/michle-20-1-2019\/Vysledek.PNG\"\n\t\t\t\ttitle=\"\"\n\t\t\t\tdata-src=\"https:\/\/www.lukostrelbaklecany.cz\/wp-content\/gallery\/michle-20-1-2019\/Vysledek.PNG\"\n\t\t\t\tdata-thumbnail=\"https:\/\/www.lukostrelbaklecany.cz\/wp-content\/gallery\/michle-20-1-2019\/thumbs\/thumbs_Vysledek.PNG\"\n\t\t\t\tdata-image-id=\"19\"\n\t\t\t\tdata-title=\"Vysledek\"\n\t\t\t\tdata-description=\"\"\n\t\t\t\tdata-image-slug=\"vysledek\"\n\t\t\t\tclass=\"ngg-simplelightbox\" rel=\"2f4fe683f522c0f182696f4df16c49ec\">\n\t\t\t\t<img\n\t\t\t\t\ttitle=\"Vysledek\"\n\t\t\t\t\talt=\"Vysledek\"\n\t\t\t\t\tsrc=\"https:\/\/www.lukostrelbaklecany.cz\/wp-content\/gallery\/michle-20-1-2019\/thumbs\/thumbs_Vysledek.PNG\"\n\t\t\t\t\twidth=\"240\"\n\t\t\t\t\theight=\"160\"\n\t\t\t\t\tstyle=\"max-width:100%;\"\n\t\t\t\t\/>\n\t\t\t<\/a>\n\t\t<\/div>\n\t\t\t\t\t\t\t<\/div> \n\t\t\t\n\t\n\t<br style=\"clear: both\" \/>\n\n\t\n\t\t<!-- Pagination -->\n\t\t<div class='ngg-clear'><\/div>\t<\/div>\n\n","protected":false},"excerpt":{"rendered":"<p>Dnes byl dal\u0161\u00ed velk\u00fd den pro Vladim\u00edra Fajtu a n\u00e1\u0161 lukost\u0159eleck\u00fd klub. Kdo n\u00e1s trochu sledujete, tak v\u00edte, \u017ee L\u00e1\u010fa je dr\u017eitelem \u010desk\u00e9ho rekordu v ter\u010dov\u00e9 lukost\u0159elb\u011b v kategorii hol\u00fd luk masters\/senio\u0159i a sestav\u011b WA720. Tento rekord nast\u0159\u00edlel ve sv\u00e9 prvn\u00ed plnohodnotn\u00e9 venkovn\u00ed sezon\u011b v roce 2018. Pro m\u00e9n\u011b znal\u00e9 ve zkratce: hol\u00fd luk je &#8230; <a title=\"Fenom\u00e9n L\u00e1\u010fa &#8211;  dva \u010desk\u00e9 rekordy b\u011bhem jednoho dne\" class=\"read-more\" href=\"https:\/\/www.lukostrelbaklecany.cz\/index.php\/2019\/01\/20\/fenomen-lada-dva-ceske-rekordy-behem-jednoho-dne\/\">\u010d\u00edst v\u00edce<\/a><\/p>\n","protected":false},"author":1,"featured_media":0,"comment_status":"closed","ping_status":"open","sticky":false,"template":"","format":"standard","meta":{"ngg_post_thumbnail":0,"footnotes":""},"categories":[4],"tags":[],"_links":{"self":[{"href":"https:\/\/www.lukostrelbaklecany.cz\/index.php\/wp-json\/wp\/v2\/posts\/269"}],"collection":[{"href":"https:\/\/www.lukostrelbaklecany.cz\/index.php\/wp-json\/wp\/v2\/posts"}],"about":[{"href":"https:\/\/www.lukostrelbaklecany.cz\/index.php\/wp-json\/wp\/v2\/types\/post"}],"author":[{"embeddable":true,"href":"https:\/\/www.lukostrelbaklecany.cz\/index.php\/wp-json\/wp\/v2\/users\/1"}],"replies":[{"embeddable":true,"href":"https:\/\/www.lukostrelbaklecany.cz\/index.php\/wp-json\/wp\/v2\/comments?post=269"}],"version-history":[{"count":12,"href":"https:\/\/www.lukostrelbaklecany.cz\/index.php\/wp-json\/wp\/v2\/posts\/269\/revisions"}],"predecessor-version":[{"id":291,"href":"https:\/\/www.lukostrelbaklecany.cz\/index.php\/wp-json\/wp\/v2\/posts\/269\/revisions\/291"}],"wp:attachment":[{"href":"https:\/\/www.lukostrelbaklecany.cz\/index.php\/wp-json\/wp\/v2\/media?parent=269"}],"wp:term":[{"taxonomy":"category","embeddable":true,"href":"https:\/\/www.lukostrelbaklecany.cz\/index.php\/wp-json\/wp\/v2\/categories?post=269"},{"taxonomy":"post_tag","embeddable":true,"href":"https:\/\/www.lukostrelbaklecany.cz\/index.php\/wp-json\/wp\/v2\/tags?post=269"}],"curies":[{"name":"wp","href":"https:\/\/api.w.org\/{rel}","templated":true}]}}