{"id":391,"date":"2019-04-02T20:51:08","date_gmt":"2019-04-02T20:51:08","guid":{"rendered":"http:\/\/www.lukostrelbaklecany.cz\/?p=391"},"modified":"2019-04-02T20:51:08","modified_gmt":"2019-04-02T20:51:08","slug":"uspech-nasich-strelcu-v-indoor-cupu","status":"publish","type":"post","link":"https:\/\/www.lukostrelbaklecany.cz\/index.php\/2019\/04\/02\/uspech-nasich-strelcu-v-indoor-cupu\/","title":{"rendered":"\u00dasp\u011bch na\u0161ich st\u0159elc\u016f v Indoor Cupu"},"content":{"rendered":"<p>Indoor Cup je seri\u00e1l halov\u00fdch z\u00e1vod\u016f po\u0159\u00e1dan\u00fdch I. KLK na jejich domovsk\u00e9 st\u0159elnici v Michli. Na\u0161im st\u0159elc\u016fm se v tomto t\u00e9m\u011b\u0159 ide\u00e1ln\u00edm prost\u0159ed\u00ed tradi\u010dn\u011b da\u0159\u00ed a proto se tak\u00e9 t\u0159i z nich &#8211; Tom\u00e1\u0161 Zahradn\u00edk (zastoupen Marcelou Blailovou), Karol\u00edna Helebrantov\u00e1 a Vl\u00e1\u010fa Fajta &#8211; nominovali sv\u00fdmi v\u00fdsledky v jednotliv\u00fdch z\u00e1vodech do fin\u00e1lov\u00e9ho utk\u00e1n\u00ed ur\u010den\u00e9ho pro 8 nejlep\u0161\u00edch, kter\u00e9 se konalo 24.3.2019. V\u0161ichni t\u0159i v kategorii hol\u00fdch luk\u016f. Mu\u017ei a \u017eeny jsou zde kvalifikov\u00e1ni spole\u010dn\u011b.<\/p>\n<p>Kvalifikaci vyhr\u00e1l Vl\u00e1\u010fa Fajta s 514b, K\u00e1ja byla 4. s 473b a Marcela 8. s 434b.<br \/>\nBohu\u017eel eliminace pro n\u00e1s byly bratrovra\u017eedn\u00fdmi souboji. V prvn\u00edm kole vy\u0159adil Vl\u00e1\u010fa Marcelu 6:0, K\u00e1ja ale tak\u00e9 zv\u00edt\u011bzila nad zku\u0161en\u00fdm Petrem Ni\u017enansk\u00fdm 6:0 a v druh\u00e9m kole \u0161li s Vl\u00e1\u010fou proti sob\u011b.&nbsp; K\u00e1ja dr\u017eela s Vl\u00e1\u010fou krok, ale nakonec podlehla 6:2. Utkala se tak o bronz s Honzou Kleinem. A op\u011bt bojovala jako lvice, dv\u011b sady remizovala, ale ani to bohu\u017eel nesta\u010dilo a s v\u00fdsledkem op\u011bt 6:2 obsadila celkov\u00e9 4. m\u00edsto.<br \/>\nVl\u00e1\u010fa ve fin\u00e1le s Honzou N\u011bme\u010dkem nenechal nic n\u00e1hod\u011b, zv\u00edt\u011bzil 6:0 a stal se tak celkov\u00fdm v\u00edt\u011bzem Indoor Cupu 2018\/2019.<br \/>\nGratulujeme v\u0161em v\u00edt\u011bz\u016fm v jednotliv\u00fdch kategori\u00edch a d\u011bkujeme po\u0159adatel\u016fm za p\u011bkn\u00e9 z\u00e1vody. Ur\u010dit\u011b zde budeme sout\u011b\u017eit pravideln\u011b.<\/p>\n<p>&nbsp;<\/p>\n<div id='gallery-1' class='gallery galleryid-391 gallery-columns-3 gallery-size-thumbnail'><figure class='gallery-item'>\n\t\t\t<div class='gallery-icon landscape'>\n\t\t\t\t<a href='https:\/\/www.lukostrelbaklecany.cz\/index.php\/2019\/04\/02\/uspech-nasich-strelcu-v-indoor-cupu\/img_20190402_224358\/#main'><img loading=\"lazy\" decoding=\"async\" width=\"150\" height=\"150\" src=\"https:\/\/www.lukostrelbaklecany.cz\/wp-content\/uploads\/2019\/04\/IMG_20190402_224358-150x150.jpg\" class=\"attachment-thumbnail size-thumbnail\" alt=\"\" srcset=\"https:\/\/www.lukostrelbaklecany.cz\/wp-content\/uploads\/2019\/04\/IMG_20190402_224358-150x150.jpg 150w, https:\/\/www.lukostrelbaklecany.cz\/wp-content\/uploads\/2019\/04\/IMG_20190402_224358-100x100.jpg 100w\" sizes=\"(max-width: 150px) 100vw, 150px\" \/><\/a>\n\t\t\t<\/div><\/figure>\n\t\t<\/div>\n\n","protected":false},"excerpt":{"rendered":"<p>Indoor Cup je seri\u00e1l halov\u00fdch z\u00e1vod\u016f po\u0159\u00e1dan\u00fdch I. KLK na jejich domovsk\u00e9 st\u0159elnici v Michli. Na\u0161im st\u0159elc\u016fm se v tomto t\u00e9m\u011b\u0159 ide\u00e1ln\u00edm prost\u0159ed\u00ed tradi\u010dn\u011b da\u0159\u00ed a proto se tak\u00e9 t\u0159i z nich &#8211; Tom\u00e1\u0161 Zahradn\u00edk (zastoupen Marcelou Blailovou), Karol\u00edna Helebrantov\u00e1 a Vl\u00e1\u010fa Fajta &#8211; nominovali sv\u00fdmi v\u00fdsledky v jednotliv\u00fdch z\u00e1vodech do fin\u00e1lov\u00e9ho utk\u00e1n\u00ed ur\u010den\u00e9ho pro &#8230; <a title=\"\u00dasp\u011bch na\u0161ich st\u0159elc\u016f v Indoor Cupu\" class=\"read-more\" href=\"https:\/\/www.lukostrelbaklecany.cz\/index.php\/2019\/04\/02\/uspech-nasich-strelcu-v-indoor-cupu\/\">\u010d\u00edst v\u00edce<\/a><\/p>\n","protected":false},"author":1,"featured_media":0,"comment_status":"closed","ping_status":"open","sticky":false,"template":"","format":"standard","meta":{"ngg_post_thumbnail":0,"footnotes":""},"categories":[4],"tags":[],"_links":{"self":[{"href":"https:\/\/www.lukostrelbaklecany.cz\/index.php\/wp-json\/wp\/v2\/posts\/391"}],"collection":[{"href":"https:\/\/www.lukostrelbaklecany.cz\/index.php\/wp-json\/wp\/v2\/posts"}],"about":[{"href":"https:\/\/www.lukostrelbaklecany.cz\/index.php\/wp-json\/wp\/v2\/types\/post"}],"author":[{"embeddable":true,"href":"https:\/\/www.lukostrelbaklecany.cz\/index.php\/wp-json\/wp\/v2\/users\/1"}],"replies":[{"embeddable":true,"href":"https:\/\/www.lukostrelbaklecany.cz\/index.php\/wp-json\/wp\/v2\/comments?post=391"}],"version-history":[{"count":2,"href":"https:\/\/www.lukostrelbaklecany.cz\/index.php\/wp-json\/wp\/v2\/posts\/391\/revisions"}],"predecessor-version":[{"id":398,"href":"https:\/\/www.lukostrelbaklecany.cz\/index.php\/wp-json\/wp\/v2\/posts\/391\/revisions\/398"}],"wp:attachment":[{"href":"https:\/\/www.lukostrelbaklecany.cz\/index.php\/wp-json\/wp\/v2\/media?parent=391"}],"wp:term":[{"taxonomy":"category","embeddable":true,"href":"https:\/\/www.lukostrelbaklecany.cz\/index.php\/wp-json\/wp\/v2\/categories?post=391"},{"taxonomy":"post_tag","embeddable":true,"href":"https:\/\/www.lukostrelbaklecany.cz\/index.php\/wp-json\/wp\/v2\/tags?post=391"}],"curies":[{"name":"wp","href":"https:\/\/api.w.org\/{rel}","templated":true}]}}