{"id":436,"date":"2019-05-08T11:27:05","date_gmt":"2019-05-08T11:27:05","guid":{"rendered":"http:\/\/www.lukostrelbaklecany.cz\/?p=436"},"modified":"2019-05-08T11:27:05","modified_gmt":"2019-05-08T11:27:05","slug":"neskutecny-zacatek-sezony-vlada-fajta-navysil-svuj-vlastni-rekord","status":"publish","type":"post","link":"https:\/\/www.lukostrelbaklecany.cz\/index.php\/2019\/05\/08\/neskutecny-zacatek-sezony-vlada-fajta-navysil-svuj-vlastni-rekord\/","title":{"rendered":"Neskutecny zacatek sezony &#8211; Vl\u00e1\u010fa Fajta nav\u00fd\u0161il sv\u016fj vlastn\u00ed rekord."},"content":{"rendered":"<p>Je to p\u00e1r dn\u00ed, co jsme v\u00e1s informovali o nov\u00e9m \u010desk\u00e9m rekordu pro hol\u00e9 luky, kter\u00fd nast\u0159\u00edlel Tom\u00e1\u0161 Zahradn\u00edk v kategorii mu\u017e\u016f.&nbsp;<br \/>\nTom\u00e1\u0161 a Vl\u00e1\u010fa jsou p\u00e1te\u0159\u00ed na\u0161eho dru\u017estva hol\u00fdch* luk\u016f, tak se Vl\u00e1\u010fa nenechal dlouho pob\u00edzet a o \u010dty\u0159i dny pozd\u011bji na prvom\u00e1jov\u00e9m z\u00e1vod\u011b na Startu Praha p\u0159idal t\u0159i body ke sv\u00e9mu rekordu v kategorii senior\u016f. S p\u0159ehledem tak vyhr\u00e1l nad v\u0161emi ostatn\u00edmi st\u0159elci s hol\u00fdmi luky. V\u00fdsledn\u00e1 hodnota je 598b. L\u00e1\u010fa u\u017e si brous\u00ed zuby na 600.<\/p>\n<p>Vl\u00e1\u010fa je velk\u00fd sportovec a bere s nadhledem, \u017ee mu rekord v kategorii mu\u017e\u016f * *ji\u017e podruh\u00e9 unikl o p\u00e1r dn\u00ed. Loni nav\u00fd\u0161il p. B\u0159ezina z Votic na 595b t\u00fdden p\u0159ed t\u00edm, ne\u017e se to sam\u00e9 povedlo L\u00e1\u010fovi. Letos, jak jste si ji\u017e mohli p\u0159e\u010d\u00edst, mu tento rekord &#8222;vyfoukl&#8220; Tom\u00e1\u0161.<\/p>\n<p>I Vl\u00e1\u010fovi gratulujeme, d\u011bkujeme za skv\u011blou reprezentaci klubu a p\u0159ejeme, aby rekord vydr\u017eel co nejd\u00e9le.&nbsp;<\/p>\n<p>Z\u00e1vodu se z\u00fa\u010dastnili i dal\u0161\u00ed \u010dlenov\u00e9 na\u0161eho klubu (Kv\u011bta, Ruda, Pavel, Michal a Va\u0161ek) a n\u011bkte\u0159\u00ed z nich nav\u00fd\u0161ili sv\u00e1 osobn\u00ed maxima.<\/p>\n<p>*Hol\u00fd luk nem\u00e1 \u017e\u00e1dn\u00fd zam\u011b\u0159ova\u010d. St\u0159elec vyu\u017e\u00edv\u00e1 k m\u00ed\u0159en\u00ed pouze hrot sv\u00e9ho \u0161\u00edpu. V sou\u010dasnosti st\u0159\u00edl\u00ed hol\u00e9 luky 72 \u0161\u00edp\u016f na vzd\u00e1lenost 30m a ter\u010d o pr\u016fm\u011bru 60cm. Maxim\u00e1ln\u00ed n\u00e1st\u0159el je tak 720b.<\/p>\n<p>* *Vl\u00e1\u010fa sout\u011b\u017e\u00ed v kategorii senior\u016f a dle pravidel se tak m\u016f\u017ee za\u0159adit mezi mu\u017ee.<\/p>\n<!-- default-view.php -->\n<div\n\tclass=\"ngg-galleryoverview default-view \n\t ngg-ajax-pagination-none\t\"\n\tid=\"ngg-gallery-c5f34ccc72c83c7e1d874a57dad59203-1\">\n\n\t\t<!-- Thumbnails -->\n\t\t\t\t<div id=\"ngg-image-0\" class=\"ngg-gallery-thumbnail-box \n\t\t\t\t\t\t\t\t\t\t\t\" \n\t\t\t>\n\t\t\t\t\t\t<div class=\"ngg-gallery-thumbnail\">\n\t\t\t<a href=\"https:\/\/www.lukostrelbaklecany.cz\/wp-content\/gallery\/1-5-2019\/IMG-20190501-WA0000.jpg\"\n\t\t\t\ttitle=\"Zleva: Ruda, Va\u0161ek, Kv\u011bta, Michal, Vl\u00e1\u010fa, Pavel\"\n\t\t\t\tdata-src=\"https:\/\/www.lukostrelbaklecany.cz\/wp-content\/gallery\/1-5-2019\/IMG-20190501-WA0000.jpg\"\n\t\t\t\tdata-thumbnail=\"https:\/\/www.lukostrelbaklecany.cz\/wp-content\/gallery\/1-5-2019\/thumbs\/thumbs_IMG-20190501-WA0000.jpg\"\n\t\t\t\tdata-image-id=\"33\"\n\t\t\t\tdata-title=\"Na\u0161e dru\u017estvo\"\n\t\t\t\tdata-description=\"Zleva: Ruda, Va\u0161ek, Kv\u011bta, Michal, Vl\u00e1\u010fa, Pavel\"\n\t\t\t\tdata-image-slug=\"img-20190501-wa0000\"\n\t\t\t\tclass=\"ngg-simplelightbox\" rel=\"c5f34ccc72c83c7e1d874a57dad59203\">\n\t\t\t\t<img\n\t\t\t\t\ttitle=\"Na\u0161e dru\u017estvo\"\n\t\t\t\t\talt=\"Na\u0161e dru\u017estvo\"\n\t\t\t\t\tsrc=\"https:\/\/www.lukostrelbaklecany.cz\/wp-content\/gallery\/1-5-2019\/thumbs\/thumbs_IMG-20190501-WA0000.jpg\"\n\t\t\t\t\twidth=\"240\"\n\t\t\t\t\theight=\"160\"\n\t\t\t\t\tstyle=\"max-width:100%;\"\n\t\t\t\t\/>\n\t\t\t<\/a>\n\t\t<\/div>\n\t\t\t\t\t\t\t<\/div> \n\t\t\t\n\t\t\t\t<div id=\"ngg-image-1\" class=\"ngg-gallery-thumbnail-box \n\t\t\t\t\t\t\t\t\t\t\t\" \n\t\t\t>\n\t\t\t\t\t\t<div class=\"ngg-gallery-thumbnail\">\n\t\t\t<a href=\"https:\/\/www.lukostrelbaklecany.cz\/wp-content\/gallery\/1-5-2019\/scorecard-Vl%C3%A1%C4%8Fa.png\"\n\t\t\t\ttitle=\"\"\n\t\t\t\tdata-src=\"https:\/\/www.lukostrelbaklecany.cz\/wp-content\/gallery\/1-5-2019\/scorecard-Vl%C3%A1%C4%8Fa.png\"\n\t\t\t\tdata-thumbnail=\"https:\/\/www.lukostrelbaklecany.cz\/wp-content\/gallery\/1-5-2019\/thumbs\/thumbs_scorecard-Vl%C3%A1%C4%8Fa.png\"\n\t\t\t\tdata-image-id=\"34\"\n\t\t\t\tdata-title=\"scorecard Vl\u00e1\u010fa\"\n\t\t\t\tdata-description=\"\"\n\t\t\t\tdata-image-slug=\"scorecard-vl%c3%a1%c4%8fa\"\n\t\t\t\tclass=\"ngg-simplelightbox\" rel=\"c5f34ccc72c83c7e1d874a57dad59203\">\n\t\t\t\t<img\n\t\t\t\t\ttitle=\"scorecard Vl\u00e1\u010fa\"\n\t\t\t\t\talt=\"scorecard Vl\u00e1\u010fa\"\n\t\t\t\t\tsrc=\"https:\/\/www.lukostrelbaklecany.cz\/wp-content\/gallery\/1-5-2019\/thumbs\/thumbs_scorecard-Vl%C3%A1%C4%8Fa.png\"\n\t\t\t\t\twidth=\"240\"\n\t\t\t\t\theight=\"160\"\n\t\t\t\t\tstyle=\"max-width:100%;\"\n\t\t\t\t\/>\n\t\t\t<\/a>\n\t\t<\/div>\n\t\t\t\t\t\t\t<\/div> \n\t\t\t\n\t\n\t<br style=\"clear: both\" \/>\n\n\t\n\t\t<!-- Pagination -->\n\t\t<div class='ngg-clear'><\/div>\t<\/div>\n\n<p>&nbsp;<\/p>\n","protected":false},"excerpt":{"rendered":"<p>Je to p\u00e1r dn\u00ed, co jsme v\u00e1s informovali o nov\u00e9m \u010desk\u00e9m rekordu pro hol\u00e9 luky, kter\u00fd nast\u0159\u00edlel Tom\u00e1\u0161 Zahradn\u00edk v kategorii mu\u017e\u016f.&nbsp; Tom\u00e1\u0161 a Vl\u00e1\u010fa jsou p\u00e1te\u0159\u00ed na\u0161eho dru\u017estva hol\u00fdch* luk\u016f, tak se Vl\u00e1\u010fa nenechal dlouho pob\u00edzet a o \u010dty\u0159i dny pozd\u011bji na prvom\u00e1jov\u00e9m z\u00e1vod\u011b na Startu Praha p\u0159idal t\u0159i body ke sv\u00e9mu rekordu v &#8230; <a title=\"Neskutecny zacatek sezony &#8211; Vl\u00e1\u010fa Fajta nav\u00fd\u0161il sv\u016fj vlastn\u00ed rekord.\" class=\"read-more\" href=\"https:\/\/www.lukostrelbaklecany.cz\/index.php\/2019\/05\/08\/neskutecny-zacatek-sezony-vlada-fajta-navysil-svuj-vlastni-rekord\/\">\u010d\u00edst v\u00edce<\/a><\/p>\n","protected":false},"author":1,"featured_media":0,"comment_status":"closed","ping_status":"open","sticky":false,"template":"","format":"standard","meta":{"ngg_post_thumbnail":0,"footnotes":""},"categories":[4],"tags":[],"_links":{"self":[{"href":"https:\/\/www.lukostrelbaklecany.cz\/index.php\/wp-json\/wp\/v2\/posts\/436"}],"collection":[{"href":"https:\/\/www.lukostrelbaklecany.cz\/index.php\/wp-json\/wp\/v2\/posts"}],"about":[{"href":"https:\/\/www.lukostrelbaklecany.cz\/index.php\/wp-json\/wp\/v2\/types\/post"}],"author":[{"embeddable":true,"href":"https:\/\/www.lukostrelbaklecany.cz\/index.php\/wp-json\/wp\/v2\/users\/1"}],"replies":[{"embeddable":true,"href":"https:\/\/www.lukostrelbaklecany.cz\/index.php\/wp-json\/wp\/v2\/comments?post=436"}],"version-history":[{"count":8,"href":"https:\/\/www.lukostrelbaklecany.cz\/index.php\/wp-json\/wp\/v2\/posts\/436\/revisions"}],"predecessor-version":[{"id":451,"href":"https:\/\/www.lukostrelbaklecany.cz\/index.php\/wp-json\/wp\/v2\/posts\/436\/revisions\/451"}],"wp:attachment":[{"href":"https:\/\/www.lukostrelbaklecany.cz\/index.php\/wp-json\/wp\/v2\/media?parent=436"}],"wp:term":[{"taxonomy":"category","embeddable":true,"href":"https:\/\/www.lukostrelbaklecany.cz\/index.php\/wp-json\/wp\/v2\/categories?post=436"},{"taxonomy":"post_tag","embeddable":true,"href":"https:\/\/www.lukostrelbaklecany.cz\/index.php\/wp-json\/wp\/v2\/tags?post=436"}],"curies":[{"name":"wp","href":"https:\/\/api.w.org\/{rel}","templated":true}]}}