{"id":457,"date":"2019-05-08T12:41:21","date_gmt":"2019-05-08T12:41:21","guid":{"rendered":"http:\/\/www.lukostrelbaklecany.cz\/?p=457"},"modified":"2019-05-08T17:12:06","modified_gmt":"2019-05-08T17:12:06","slug":"vlada-znovu-navysuje-cesky-rekord-v-ramci-prvniho-kola-preboru","status":"publish","type":"post","link":"https:\/\/www.lukostrelbaklecany.cz\/index.php\/2019\/05\/08\/vlada-znovu-navysuje-cesky-rekord-v-ramci-prvniho-kola-preboru\/","title":{"rendered":"Vl\u00e1\u010fa znovu navy\u0161uje \u010desk\u00fd rekord v r\u00e1mci prvn\u00edho kola p\u0159eboru"},"content":{"rendered":"<p>St\u0159elci na\u0161eho dru\u017estva hol\u00fdch luk\u016f si vybrali dne\u0161n\u00ed z\u00e1vod na Startu Praha k vytvo\u0159en\u00ed v\u00fdsledku prvn\u00edho kola p\u0159eboru v ter\u010dov\u00e9 lukost\u0159elb\u011b*. Kv\u011bta, Vl\u00e1\u010fa, Tom\u00e1\u0161 a Ruda &#8211; v\u0161ichni jsou ji\u017e zku\u0161en\u00ed st\u0159elci, co\u017e dokazovali v minul\u00fdch sezon\u00e1ch.<br \/>\nJak v\u00edte, Tom\u00e1\u0161 a Vl\u00e1\u010fa jsou dr\u017eiteli \u010desk\u00fdch rekord\u016f ve sv\u00fdch kategori\u00edch a Kv\u011bta s Rudou se zlep\u0161uj\u00ed ka\u017ed\u00fdm tr\u00e9ninkem. O\u010dek\u00e1vali jsme tak p\u011bkn\u00fd v\u00fdsledek. A vy\u0161lo to &#8211; stejn\u011b jako po\u010das\u00ed.<br \/>\nJsou st\u0159elnice, kde se n\u00e1m prost\u011b dob\u0159e st\u0159\u00edl\u00ed a kde je dobr\u00e1 atmosf\u00e9ra. A ta strahovsk\u00e1, pat\u0159\u00edc\u00ed SK Startu, mezi n\u011b pat\u0159\u00ed.&nbsp;<br \/>\nVl\u00e1\u010fa s t\u00edm avizovan\u00fdm poko\u0159en\u00edm hranice 600b dlouho nev\u00e1hal a p\u0159esn\u011b po t\u00fddnu od jeho posledn\u00edho nav\u00fd\u0161en\u00ed rekordu <strong>p\u0159idal dal\u0161\u00edch 7b na v\u00fdsledn\u00fdch 605b.<\/strong> Minulou hodnotu rekordu 598b je\u0161t\u011b ani nestihli na svazu zaznamenat do tabulek. T\u011bsn\u011b v z\u00e1v\u011bsu byl Tom\u00e1\u0161, kter\u00fd p\u0159idal kr\u00e1sn\u00fdch 595b (p\u016fvodn\u00ed \u010desk\u00fd rekod, ne\u017e ho p\u0159ed deseti dny s\u00e1m p\u0159ekonal), a Kv\u011bta je podpo\u0159ila sv\u00fdm osobn\u00edm maximem 539b. V\u0161ichni t\u0159i vyhr\u00e1li kvalifikace ve sv\u00fdch kategori\u00edch. Ruda nast\u0159\u00edlel 392b a tak\u00e9 se zlep\u0161uje.<\/p>\n<p>Celkov\u00fd v\u00fdsledek dru\u017estva do prvn\u00edho kola p\u0159eboru je tak 1739b, co\u017e je velmi p\u011bkn\u00e9 a nad\u011bjn\u00e9.<\/p>\n<p>Jako tren\u00e9r d\u011bkuji za tak \u00fa\u017easnou reprezentaci a fanou\u0161k\u016fm za podporu.<\/p>\n<p>* P\u0159ebor je dlouhodob\u00e1 sout\u011b\u017e, kter\u00e1 je rozd\u011blena do n\u011bkolika kol b\u011bhem cel\u00e9 sezony. Ka\u017ed\u00e9 p\u0159ihl\u00e1\u0161en\u00e9 dru\u017estvo by m\u011blo bodovat v ka\u017ed\u00e9m kole a dle v\u00fdsledku jsou p\u0159id\u011blov\u00e1ny body za jednotliv\u00e1 kola. Na konci sezony se vyhla\u0161uj\u00ed celkov\u00e9 v\u00fdsledky. Do jednotliv\u00fdch kol m\u016f\u017ee za dru\u017estvo st\u0159\u00edlet v\u00edce st\u0159elc\u016f, do v\u00fdsledk\u016f se v\u0161ak po\u010d\u00edtaj\u00ed jen nejlep\u0161\u00ed t\u0159i.<\/p>\n<!-- default-view.php -->\n<div\n\tclass=\"ngg-galleryoverview default-view \n\t ngg-ajax-pagination-none\t\"\n\tid=\"ngg-gallery-b9d32cd17cd277d2d4a4f02d50ff8791-1\">\n\n\t\t<!-- Thumbnails -->\n\t\t\t\t<div id=\"ngg-image-0\" class=\"ngg-gallery-thumbnail-box \n\t\t\t\t\t\t\t\t\t\t\t\" \n\t\t\t>\n\t\t\t\t\t\t<div class=\"ngg-gallery-thumbnail\">\n\t\t\t<a href=\"https:\/\/www.lukostrelbaklecany.cz\/wp-content\/gallery\/8-5-2019\/IMG-20190508-WA0001.jpg\"\n\t\t\t\ttitle=\"Vl\u00e1\u010fa, Kv\u011bta, Ruda, Tom\u00e1\u0161\"\n\t\t\t\tdata-src=\"https:\/\/www.lukostrelbaklecany.cz\/wp-content\/gallery\/8-5-2019\/IMG-20190508-WA0001.jpg\"\n\t\t\t\tdata-thumbnail=\"https:\/\/www.lukostrelbaklecany.cz\/wp-content\/gallery\/8-5-2019\/thumbs\/thumbs_IMG-20190508-WA0001.jpg\"\n\t\t\t\tdata-image-id=\"35\"\n\t\t\t\tdata-title=\"Dru\u017estvo hol\u00fdch luk\u016f\"\n\t\t\t\tdata-description=\"Vl\u00e1\u010fa, Kv\u011bta, Ruda, Tom\u00e1\u0161\"\n\t\t\t\tdata-image-slug=\"img-20190508-wa0001\"\n\t\t\t\tclass=\"ngg-simplelightbox\" rel=\"b9d32cd17cd277d2d4a4f02d50ff8791\">\n\t\t\t\t<img\n\t\t\t\t\ttitle=\"Dru\u017estvo hol\u00fdch luk\u016f\"\n\t\t\t\t\talt=\"Dru\u017estvo hol\u00fdch luk\u016f\"\n\t\t\t\t\tsrc=\"https:\/\/www.lukostrelbaklecany.cz\/wp-content\/gallery\/8-5-2019\/thumbs\/thumbs_IMG-20190508-WA0001.jpg\"\n\t\t\t\t\twidth=\"240\"\n\t\t\t\t\theight=\"160\"\n\t\t\t\t\tstyle=\"max-width:100%;\"\n\t\t\t\t\/>\n\t\t\t<\/a>\n\t\t<\/div>\n\t\t\t\t\t\t\t<\/div> \n\t\t\t\n\t\t\t\t<div id=\"ngg-image-1\" class=\"ngg-gallery-thumbnail-box \n\t\t\t\t\t\t\t\t\t\t\t\" \n\t\t\t>\n\t\t\t\t\t\t<div class=\"ngg-gallery-thumbnail\">\n\t\t\t<a href=\"https:\/\/www.lukostrelbaklecany.cz\/wp-content\/gallery\/8-5-2019\/IMG-20190508-WA0019.jpg\"\n\t\t\t\ttitle=\"\"\n\t\t\t\tdata-src=\"https:\/\/www.lukostrelbaklecany.cz\/wp-content\/gallery\/8-5-2019\/IMG-20190508-WA0019.jpg\"\n\t\t\t\tdata-thumbnail=\"https:\/\/www.lukostrelbaklecany.cz\/wp-content\/gallery\/8-5-2019\/thumbs\/thumbs_IMG-20190508-WA0019.jpg\"\n\t\t\t\tdata-image-id=\"37\"\n\t\t\t\tdata-title=\"V\u00fdsledkov\u00fd list\"\n\t\t\t\tdata-description=\"\"\n\t\t\t\tdata-image-slug=\"img-20190508-wa0019\"\n\t\t\t\tclass=\"ngg-simplelightbox\" rel=\"b9d32cd17cd277d2d4a4f02d50ff8791\">\n\t\t\t\t<img\n\t\t\t\t\ttitle=\"V\u00fdsledkov\u00fd list\"\n\t\t\t\t\talt=\"V\u00fdsledkov\u00fd list\"\n\t\t\t\t\tsrc=\"https:\/\/www.lukostrelbaklecany.cz\/wp-content\/gallery\/8-5-2019\/thumbs\/thumbs_IMG-20190508-WA0019.jpg\"\n\t\t\t\t\twidth=\"240\"\n\t\t\t\t\theight=\"160\"\n\t\t\t\t\tstyle=\"max-width:100%;\"\n\t\t\t\t\/>\n\t\t\t<\/a>\n\t\t<\/div>\n\t\t\t\t\t\t\t<\/div> \n\t\t\t\n\t\n\t<br style=\"clear: both\" \/>\n\n\t\n\t\t<!-- Pagination -->\n\t\t<div class='ngg-clear'><\/div>\t<\/div>\n\n<p>&nbsp;<\/p>\n<p>&nbsp;<\/p>\n","protected":false},"excerpt":{"rendered":"<p>St\u0159elci na\u0161eho dru\u017estva hol\u00fdch luk\u016f si vybrali dne\u0161n\u00ed z\u00e1vod na Startu Praha k vytvo\u0159en\u00ed v\u00fdsledku prvn\u00edho kola p\u0159eboru v ter\u010dov\u00e9 lukost\u0159elb\u011b*. Kv\u011bta, Vl\u00e1\u010fa, Tom\u00e1\u0161 a Ruda &#8211; v\u0161ichni jsou ji\u017e zku\u0161en\u00ed st\u0159elci, co\u017e dokazovali v minul\u00fdch sezon\u00e1ch. Jak v\u00edte, Tom\u00e1\u0161 a Vl\u00e1\u010fa jsou dr\u017eiteli \u010desk\u00fdch rekord\u016f ve sv\u00fdch kategori\u00edch a Kv\u011bta s Rudou se zlep\u0161uj\u00ed &#8230; <a title=\"Vl\u00e1\u010fa znovu navy\u0161uje \u010desk\u00fd rekord v r\u00e1mci prvn\u00edho kola p\u0159eboru\" class=\"read-more\" href=\"https:\/\/www.lukostrelbaklecany.cz\/index.php\/2019\/05\/08\/vlada-znovu-navysuje-cesky-rekord-v-ramci-prvniho-kola-preboru\/\">\u010d\u00edst v\u00edce<\/a><\/p>\n","protected":false},"author":1,"featured_media":0,"comment_status":"closed","ping_status":"open","sticky":false,"template":"","format":"standard","meta":{"ngg_post_thumbnail":0,"footnotes":""},"categories":[4],"tags":[],"_links":{"self":[{"href":"https:\/\/www.lukostrelbaklecany.cz\/index.php\/wp-json\/wp\/v2\/posts\/457"}],"collection":[{"href":"https:\/\/www.lukostrelbaklecany.cz\/index.php\/wp-json\/wp\/v2\/posts"}],"about":[{"href":"https:\/\/www.lukostrelbaklecany.cz\/index.php\/wp-json\/wp\/v2\/types\/post"}],"author":[{"embeddable":true,"href":"https:\/\/www.lukostrelbaklecany.cz\/index.php\/wp-json\/wp\/v2\/users\/1"}],"replies":[{"embeddable":true,"href":"https:\/\/www.lukostrelbaklecany.cz\/index.php\/wp-json\/wp\/v2\/comments?post=457"}],"version-history":[{"count":10,"href":"https:\/\/www.lukostrelbaklecany.cz\/index.php\/wp-json\/wp\/v2\/posts\/457\/revisions"}],"predecessor-version":[{"id":477,"href":"https:\/\/www.lukostrelbaklecany.cz\/index.php\/wp-json\/wp\/v2\/posts\/457\/revisions\/477"}],"wp:attachment":[{"href":"https:\/\/www.lukostrelbaklecany.cz\/index.php\/wp-json\/wp\/v2\/media?parent=457"}],"wp:term":[{"taxonomy":"category","embeddable":true,"href":"https:\/\/www.lukostrelbaklecany.cz\/index.php\/wp-json\/wp\/v2\/categories?post=457"},{"taxonomy":"post_tag","embeddable":true,"href":"https:\/\/www.lukostrelbaklecany.cz\/index.php\/wp-json\/wp\/v2\/tags?post=457"}],"curies":[{"name":"wp","href":"https:\/\/api.w.org\/{rel}","templated":true}]}}