{"id":498,"date":"2019-05-26T17:28:09","date_gmt":"2019-05-26T17:28:09","guid":{"rendered":"http:\/\/www.lukostrelbaklecany.cz\/?p=498"},"modified":"2019-06-01T08:22:49","modified_gmt":"2019-06-01T08:22:49","slug":"v-uvodu-tercove-sezony-se-drzime-na-spicce","status":"publish","type":"post","link":"https:\/\/www.lukostrelbaklecany.cz\/index.php\/2019\/05\/26\/v-uvodu-tercove-sezony-se-drzime-na-spicce\/","title":{"rendered":"V \u00favodu ter\u010dov\u00e9 sezony se dr\u017e\u00edme na \u0161pi\u010dce"},"content":{"rendered":"<p>M\u00e1me za sebou cca dva m\u011bs\u00edce z venkovn\u00ed sezony a tak\u00e9 prvn\u00ed kolo p\u0159eboru &#8211; dlouhodob\u00e9 sout\u011b\u017ee. Poj\u010fme se pod\u00edvat, jak se n\u00e1m zat\u00edm vede. O rekordech u\u017e jste toho u n\u00e1s \u010detli dost, budeme se te\u010f v\u011bnovat dlouhodob\u00fdm sout\u011b\u017e\u00edm a v\u00fdsledk\u016fm &#8211; hlavn\u011b \u017eeb\u0159\u00ed\u010dku.<\/p>\n<p>V p\u0159eborech to vypad\u00e1 velmi dob\u0159e. N\u00e1\u0161 dream team \ud83d\ude00 hol\u00fdch luk\u016f &#8211; Kv\u011bta, Vl\u00e1\u010fa, Tom\u00e1\u0161 &#8211; si \u00fa\u017easn\u00fdm <strong>v\u00fdsledkem 1739b zajistil prvn\u00ed m\u00edsto.<\/strong> A to s velmi v\u00fdrazn\u00fdm n\u00e1skokem. Ale jeliko\u017e je teprve za\u010d\u00e1tek sezony, hodn\u011b soupe\u0159\u016f hled\u00e1 ide\u00e1ln\u00ed nastaven\u00ed luk\u016f atd., t\u011b\u0161\u00edme se na souboje v dal\u0161\u00edch kolech a hlavn\u011b na M\u010cR. Dru\u017estvo refl. luk\u016f ve slo\u017een\u00ed Michal, Pavel, Luk\u00e1\u0161, Va\u0161ek zat\u00edm dr\u017e\u00ed<strong>&nbsp;\u010dtvrt\u00e9 m\u00edsto s v\u00fdsledkem 1644b.<\/strong> U &#8222;reflex\u016f&#8220; bychom r\u00e1di do konce sezony v\u00fdsledek v\u00fdrazn\u011b vylep\u0161ili. Michal s Va\u0161kem jsou s nastaven\u00edm luk\u016f tak\u00e9 teprve na za\u010d\u00e1tku, pracovat mus\u00edme samoz\u0159ejm\u011b i na stabilizaci techniky.<\/p>\n<p>V\u00fdsledky jednotlivc\u016f se vyhodnocuj\u00ed dvoj\u00edm zp\u016fsobem. &#8222;\u017deb\u0159\u00ed\u010dek&#8220; pouze dle nejlep\u0161\u00edho v\u00fdsledku sezony z jak\u00e9hokoliv ofici\u00e1ln\u00edho z\u00e1vodu a &#8222;Poh\u00e1r&#8220; dle pr\u016fm\u011bru t\u0159\u00ed nejlep\u0161\u00edch v\u00fdsledk\u016f dosa\u017een\u00fdch pouze na ur\u010den\u00fdch z\u00e1vodech. V \u017eeb\u0159\u00ed\u010dku hol\u00fdch luk\u016f si dr\u017e\u00ed <strong>L\u00e1\u010fa prvn\u00ed pozici mezi seniory a Tom\u00e1\u0161 mezi mu\u017ei, Kv\u011bta je t\u0159et\u00ed mezi \u017eenami.<\/strong><br \/>\n<strong>S reflexn\u00edmi luky je Luk\u00e1\u0161 7., Va\u0161ek 9., Pavel 13. a Michal 15. Na\u0161\u00edm c\u00edlem je dostat v\u0161echny \u010dty\u0159i do top 10.&nbsp;<\/strong><\/p>\n","protected":false},"excerpt":{"rendered":"<p>M\u00e1me za sebou cca dva m\u011bs\u00edce z venkovn\u00ed sezony a tak\u00e9 prvn\u00ed kolo p\u0159eboru &#8211; dlouhodob\u00e9 sout\u011b\u017ee. Poj\u010fme se pod\u00edvat, jak se n\u00e1m zat\u00edm vede. O rekordech u\u017e jste toho u n\u00e1s \u010detli dost, budeme se te\u010f v\u011bnovat dlouhodob\u00fdm sout\u011b\u017e\u00edm a v\u00fdsledk\u016fm &#8211; hlavn\u011b \u017eeb\u0159\u00ed\u010dku. V p\u0159eborech to vypad\u00e1 velmi dob\u0159e. N\u00e1\u0161 dream team \ud83d\ude00 &#8230; <a title=\"V \u00favodu ter\u010dov\u00e9 sezony se dr\u017e\u00edme na \u0161pi\u010dce\" class=\"read-more\" href=\"https:\/\/www.lukostrelbaklecany.cz\/index.php\/2019\/05\/26\/v-uvodu-tercove-sezony-se-drzime-na-spicce\/\">\u010d\u00edst v\u00edce<\/a><\/p>\n","protected":false},"author":1,"featured_media":0,"comment_status":"closed","ping_status":"open","sticky":false,"template":"","format":"standard","meta":{"ngg_post_thumbnail":0,"footnotes":""},"categories":[4],"tags":[],"_links":{"self":[{"href":"https:\/\/www.lukostrelbaklecany.cz\/index.php\/wp-json\/wp\/v2\/posts\/498"}],"collection":[{"href":"https:\/\/www.lukostrelbaklecany.cz\/index.php\/wp-json\/wp\/v2\/posts"}],"about":[{"href":"https:\/\/www.lukostrelbaklecany.cz\/index.php\/wp-json\/wp\/v2\/types\/post"}],"author":[{"embeddable":true,"href":"https:\/\/www.lukostrelbaklecany.cz\/index.php\/wp-json\/wp\/v2\/users\/1"}],"replies":[{"embeddable":true,"href":"https:\/\/www.lukostrelbaklecany.cz\/index.php\/wp-json\/wp\/v2\/comments?post=498"}],"version-history":[{"count":8,"href":"https:\/\/www.lukostrelbaklecany.cz\/index.php\/wp-json\/wp\/v2\/posts\/498\/revisions"}],"predecessor-version":[{"id":509,"href":"https:\/\/www.lukostrelbaklecany.cz\/index.php\/wp-json\/wp\/v2\/posts\/498\/revisions\/509"}],"wp:attachment":[{"href":"https:\/\/www.lukostrelbaklecany.cz\/index.php\/wp-json\/wp\/v2\/media?parent=498"}],"wp:term":[{"taxonomy":"category","embeddable":true,"href":"https:\/\/www.lukostrelbaklecany.cz\/index.php\/wp-json\/wp\/v2\/categories?post=498"},{"taxonomy":"post_tag","embeddable":true,"href":"https:\/\/www.lukostrelbaklecany.cz\/index.php\/wp-json\/wp\/v2\/tags?post=498"}],"curies":[{"name":"wp","href":"https:\/\/api.w.org\/{rel}","templated":true}]}}