{"id":621,"date":"2019-07-22T10:19:12","date_gmt":"2019-07-22T10:19:12","guid":{"rendered":"http:\/\/www.lukostrelbaklecany.cz\/?p=621"},"modified":"2019-07-22T10:19:12","modified_gmt":"2019-07-22T10:19:12","slug":"kysicka-tercova-iii","status":"publish","type":"post","link":"https:\/\/www.lukostrelbaklecany.cz\/index.php\/2019\/07\/22\/kysicka-tercova-iii\/","title":{"rendered":"Ky\u0161ick\u00e1 ter\u010dov\u00e1 III"},"content":{"rendered":"<p>V sobotu 20.7. se na\u0161e&nbsp; sekce kladkov\u00fdch luk\u016f vypravila sb\u00edrat zku\u0161enosti na z\u00e1vody do Ky\u0161ic. Na\u0161\u00ed mini v\u00fdpravu doplnili&nbsp;Ruda s Kv\u011btou s hol\u00fdmi luky. Ky\u0161ick\u00e1 st\u0159elnice, to je podle znalc\u016f bu\u010f v\u00edtr nebo vedro.&nbsp; Na n\u00e1s tentokr\u00e1t vy\u0161lo vedro.&nbsp; Martin i Marcela se s n\u00edm ale poprali v\u00edce ne\u017e dob\u0159e a oba si vytvo\u0159ili nov\u00e9 osobn\u00ed rekordy. Martin posunul ten sv\u016fj o 7 bod\u016f na hodnotu 626 bod\u016f. Marcela pak po velmi poveden\u00e9 druh\u00e9 p\u016fli zv\u00fd\u0161ila sv\u016fj osobn\u00ed rekord o 24 bod\u016f na hodnotu 636 bod\u016f. Oba se rozhodli zkusit letos mistrovstv\u00ed \u010cR, sb\u00edraj\u00ed tedy zku\u0161enosti i z\u00e1vody nutn\u00e9 k \u00fa\u010dasti na vrcholn\u00e9m z\u00e1vodu sezony.<\/p>\n<!-- default-view.php -->\n<div\n\tclass=\"ngg-galleryoverview default-view \n\t ngg-ajax-pagination-none\t\"\n\tid=\"ngg-gallery-aa1331b6acea6dc60539978cbef802e5-1\">\n\n\t\t<!-- Thumbnails -->\n\t\t\t\t<div id=\"ngg-image-0\" class=\"ngg-gallery-thumbnail-box \n\t\t\t\t\t\t\t\t\t\t\t\" \n\t\t\t>\n\t\t\t\t\t\t<div class=\"ngg-gallery-thumbnail\">\n\t\t\t<a href=\"https:\/\/www.lukostrelbaklecany.cz\/wp-content\/gallery\/kysice-20-7-2019\/IMG_0766.jpeg\"\n\t\t\t\ttitle=\"\"\n\t\t\t\tdata-src=\"https:\/\/www.lukostrelbaklecany.cz\/wp-content\/gallery\/kysice-20-7-2019\/IMG_0766.jpeg\"\n\t\t\t\tdata-thumbnail=\"https:\/\/www.lukostrelbaklecany.cz\/wp-content\/gallery\/kysice-20-7-2019\/thumbs\/thumbs_IMG_0766.jpeg\"\n\t\t\t\tdata-image-id=\"72\"\n\t\t\t\tdata-title=\"Kysice 03\"\n\t\t\t\tdata-description=\"\"\n\t\t\t\tdata-image-slug=\"img_0766\"\n\t\t\t\tclass=\"ngg-simplelightbox\" rel=\"aa1331b6acea6dc60539978cbef802e5\">\n\t\t\t\t<img\n\t\t\t\t\ttitle=\"Kysice 03\"\n\t\t\t\t\talt=\"Kysice 03\"\n\t\t\t\t\tsrc=\"https:\/\/www.lukostrelbaklecany.cz\/wp-content\/gallery\/kysice-20-7-2019\/thumbs\/thumbs_IMG_0766.jpeg\"\n\t\t\t\t\twidth=\"240\"\n\t\t\t\t\theight=\"160\"\n\t\t\t\t\tstyle=\"max-width:100%;\"\n\t\t\t\t\/>\n\t\t\t<\/a>\n\t\t<\/div>\n\t\t\t\t\t\t\t<\/div> \n\t\t\t\n\t\t\t\t<div id=\"ngg-image-1\" class=\"ngg-gallery-thumbnail-box \n\t\t\t\t\t\t\t\t\t\t\t\" \n\t\t\t>\n\t\t\t\t\t\t<div class=\"ngg-gallery-thumbnail\">\n\t\t\t<a href=\"https:\/\/www.lukostrelbaklecany.cz\/wp-content\/gallery\/kysice-20-7-2019\/IMG_0762.jpeg\"\n\t\t\t\ttitle=\"\"\n\t\t\t\tdata-src=\"https:\/\/www.lukostrelbaklecany.cz\/wp-content\/gallery\/kysice-20-7-2019\/IMG_0762.jpeg\"\n\t\t\t\tdata-thumbnail=\"https:\/\/www.lukostrelbaklecany.cz\/wp-content\/gallery\/kysice-20-7-2019\/thumbs\/thumbs_IMG_0762.jpeg\"\n\t\t\t\tdata-image-id=\"70\"\n\t\t\t\tdata-title=\"Kysice 01\"\n\t\t\t\tdata-description=\"\"\n\t\t\t\tdata-image-slug=\"img_0762\"\n\t\t\t\tclass=\"ngg-simplelightbox\" rel=\"aa1331b6acea6dc60539978cbef802e5\">\n\t\t\t\t<img\n\t\t\t\t\ttitle=\"Kysice 01\"\n\t\t\t\t\talt=\"Kysice 01\"\n\t\t\t\t\tsrc=\"https:\/\/www.lukostrelbaklecany.cz\/wp-content\/gallery\/kysice-20-7-2019\/thumbs\/thumbs_IMG_0762.jpeg\"\n\t\t\t\t\twidth=\"240\"\n\t\t\t\t\theight=\"160\"\n\t\t\t\t\tstyle=\"max-width:100%;\"\n\t\t\t\t\/>\n\t\t\t<\/a>\n\t\t<\/div>\n\t\t\t\t\t\t\t<\/div> \n\t\t\t\n\t\t\t\t<div id=\"ngg-image-2\" class=\"ngg-gallery-thumbnail-box \n\t\t\t\t\t\t\t\t\t\t\t\" \n\t\t\t>\n\t\t\t\t\t\t<div class=\"ngg-gallery-thumbnail\">\n\t\t\t<a href=\"https:\/\/www.lukostrelbaklecany.cz\/wp-content\/gallery\/kysice-20-7-2019\/IMG_0764.jpeg\"\n\t\t\t\ttitle=\"\"\n\t\t\t\tdata-src=\"https:\/\/www.lukostrelbaklecany.cz\/wp-content\/gallery\/kysice-20-7-2019\/IMG_0764.jpeg\"\n\t\t\t\tdata-thumbnail=\"https:\/\/www.lukostrelbaklecany.cz\/wp-content\/gallery\/kysice-20-7-2019\/thumbs\/thumbs_IMG_0764.jpeg\"\n\t\t\t\tdata-image-id=\"71\"\n\t\t\t\tdata-title=\"Kysice 02\"\n\t\t\t\tdata-description=\"\"\n\t\t\t\tdata-image-slug=\"img_0764\"\n\t\t\t\tclass=\"ngg-simplelightbox\" rel=\"aa1331b6acea6dc60539978cbef802e5\">\n\t\t\t\t<img\n\t\t\t\t\ttitle=\"Kysice 02\"\n\t\t\t\t\talt=\"Kysice 02\"\n\t\t\t\t\tsrc=\"https:\/\/www.lukostrelbaklecany.cz\/wp-content\/gallery\/kysice-20-7-2019\/thumbs\/thumbs_IMG_0764.jpeg\"\n\t\t\t\t\twidth=\"240\"\n\t\t\t\t\theight=\"160\"\n\t\t\t\t\tstyle=\"max-width:100%;\"\n\t\t\t\t\/>\n\t\t\t<\/a>\n\t\t<\/div>\n\t\t\t\t\t\t\t<\/div> \n\t\t\t\n\t\t\t\t<div id=\"ngg-image-3\" class=\"ngg-gallery-thumbnail-box \n\t\t\t\t\t\t\t\t\t\t\t\" \n\t\t\t>\n\t\t\t\t\t\t<div class=\"ngg-gallery-thumbnail\">\n\t\t\t<a href=\"https:\/\/www.lukostrelbaklecany.cz\/wp-content\/gallery\/kysice-20-7-2019\/IMG_0770.jpeg\"\n\t\t\t\ttitle=\"\"\n\t\t\t\tdata-src=\"https:\/\/www.lukostrelbaklecany.cz\/wp-content\/gallery\/kysice-20-7-2019\/IMG_0770.jpeg\"\n\t\t\t\tdata-thumbnail=\"https:\/\/www.lukostrelbaklecany.cz\/wp-content\/gallery\/kysice-20-7-2019\/thumbs\/thumbs_IMG_0770.jpeg\"\n\t\t\t\tdata-image-id=\"73\"\n\t\t\t\tdata-title=\"Kysice 04\"\n\t\t\t\tdata-description=\"\"\n\t\t\t\tdata-image-slug=\"img_0770\"\n\t\t\t\tclass=\"ngg-simplelightbox\" rel=\"aa1331b6acea6dc60539978cbef802e5\">\n\t\t\t\t<img\n\t\t\t\t\ttitle=\"Kysice 04\"\n\t\t\t\t\talt=\"Kysice 04\"\n\t\t\t\t\tsrc=\"https:\/\/www.lukostrelbaklecany.cz\/wp-content\/gallery\/kysice-20-7-2019\/thumbs\/thumbs_IMG_0770.jpeg\"\n\t\t\t\t\twidth=\"240\"\n\t\t\t\t\theight=\"160\"\n\t\t\t\t\tstyle=\"max-width:100%;\"\n\t\t\t\t\/>\n\t\t\t<\/a>\n\t\t<\/div>\n\t\t\t\t\t\t\t<\/div> \n\t\t\t\n\t\n\t<br style=\"clear: both\" \/>\n\n\t\n\t\t<!-- Pagination -->\n\t\t<div class='ngg-clear'><\/div>\t<\/div>\n\n<p>&nbsp;<\/p>\n","protected":false},"excerpt":{"rendered":"<p>V sobotu 20.7. se na\u0161e&nbsp; sekce kladkov\u00fdch luk\u016f vypravila sb\u00edrat zku\u0161enosti na z\u00e1vody do Ky\u0161ic. Na\u0161\u00ed mini v\u00fdpravu doplnili&nbsp;Ruda s Kv\u011btou s hol\u00fdmi luky. Ky\u0161ick\u00e1 st\u0159elnice, to je podle znalc\u016f bu\u010f v\u00edtr nebo vedro.&nbsp; Na n\u00e1s tentokr\u00e1t vy\u0161lo vedro.&nbsp; Martin i Marcela se s n\u00edm ale poprali v\u00edce ne\u017e dob\u0159e a oba si vytvo\u0159ili nov\u00e9 &#8230; <a title=\"Ky\u0161ick\u00e1 ter\u010dov\u00e1 III\" class=\"read-more\" href=\"https:\/\/www.lukostrelbaklecany.cz\/index.php\/2019\/07\/22\/kysicka-tercova-iii\/\">\u010d\u00edst v\u00edce<\/a><\/p>\n","protected":false},"author":2,"featured_media":0,"comment_status":"closed","ping_status":"open","sticky":false,"template":"","format":"standard","meta":{"ngg_post_thumbnail":0,"footnotes":""},"categories":[4],"tags":[],"_links":{"self":[{"href":"https:\/\/www.lukostrelbaklecany.cz\/index.php\/wp-json\/wp\/v2\/posts\/621"}],"collection":[{"href":"https:\/\/www.lukostrelbaklecany.cz\/index.php\/wp-json\/wp\/v2\/posts"}],"about":[{"href":"https:\/\/www.lukostrelbaklecany.cz\/index.php\/wp-json\/wp\/v2\/types\/post"}],"author":[{"embeddable":true,"href":"https:\/\/www.lukostrelbaklecany.cz\/index.php\/wp-json\/wp\/v2\/users\/2"}],"replies":[{"embeddable":true,"href":"https:\/\/www.lukostrelbaklecany.cz\/index.php\/wp-json\/wp\/v2\/comments?post=621"}],"version-history":[{"count":2,"href":"https:\/\/www.lukostrelbaklecany.cz\/index.php\/wp-json\/wp\/v2\/posts\/621\/revisions"}],"predecessor-version":[{"id":624,"href":"https:\/\/www.lukostrelbaklecany.cz\/index.php\/wp-json\/wp\/v2\/posts\/621\/revisions\/624"}],"wp:attachment":[{"href":"https:\/\/www.lukostrelbaklecany.cz\/index.php\/wp-json\/wp\/v2\/media?parent=621"}],"wp:term":[{"taxonomy":"category","embeddable":true,"href":"https:\/\/www.lukostrelbaklecany.cz\/index.php\/wp-json\/wp\/v2\/categories?post=621"},{"taxonomy":"post_tag","embeddable":true,"href":"https:\/\/www.lukostrelbaklecany.cz\/index.php\/wp-json\/wp\/v2\/tags?post=621"}],"curies":[{"name":"wp","href":"https:\/\/api.w.org\/{rel}","templated":true}]}}