{"id":661,"date":"2019-08-26T18:11:33","date_gmt":"2019-08-26T18:11:33","guid":{"rendered":"http:\/\/www.lukostrelbaklecany.cz\/?p=661"},"modified":"2020-02-01T22:34:47","modified_gmt":"2020-02-01T22:34:47","slug":"mistrovstvi-cr-2019-reflexnich-a-kladkovych-luku-v-tercove-lukostrelbe","status":"publish","type":"post","link":"https:\/\/www.lukostrelbaklecany.cz\/index.php\/2019\/08\/26\/mistrovstvi-cr-2019-reflexnich-a-kladkovych-luku-v-tercove-lukostrelbe\/","title":{"rendered":"Mistrovstv\u00ed \u010cR 2019 reflexn\u00edch a kladkov\u00fdch luk\u016f v ter\u010dov\u00e9 lukost\u0159elb\u011b"},"content":{"rendered":"<p>\u00da\u010dast na leto\u0161n\u00edm M\u010cR v ter\u010dov\u00e9 lukost\u0159elb\u011b byla pro n\u00e1s trochu s\u00e1zka do loterie. S t\u00fdmem reflexn\u00edch luk\u016f jsme se domluvili, \u017ee letos je\u0161t\u011b z\u016fstaneme u nemistrovsk\u00fdch vzd\u00e1lenost\u00ed 50 a 30m a t\u00edm p\u00e1dem \u00fa\u010dast o\u017eel\u00edme, ale t\u00fdm kladkov\u00fdch luk\u016f &#8211; Martin a Marcela M&amp;M &#8211; na tr\u00e9ninku i kontroln\u00edch z\u00e1vodech potvrzovali, \u017ee mistrovstv\u00ed bychom zkusit mohli. Oba st\u0159\u00edl\u00ed souvisle s kl. luky pom\u011brn\u011b kr\u00e1tce &#8211; cca od jara &#8211; ale nap\u0159. Marcela dosud st\u0159\u00edlela velmi \u00fasp\u011b\u0161n\u011b s hol\u00fdm lukem a p\u0159echod na &#8222;kladku&#8220; zvl\u00e1dla skv\u011ble.<\/p>\n<!-- default-view.php -->\n<div\n\tclass=\"ngg-galleryoverview default-view \n\t ngg-ajax-pagination-none\t\"\n\tid=\"ngg-gallery-353050e1957bec50e9dad202bafe64a0-1\">\n\n\t\t<!-- Thumbnails -->\n\t\t\t\t<div id=\"ngg-image-0\" class=\"ngg-gallery-thumbnail-box \n\t\t\t\t\t\t\t\t\t\t\t\" \n\t\t\t>\n\t\t\t\t\t\t<div class=\"ngg-gallery-thumbnail\">\n\t\t\t<a href=\"https:\/\/www.lukostrelbaklecany.cz\/wp-content\/gallery\/mcr-plzen-2019\/IMG_20190823_135734.jpg\"\n\t\t\t\ttitle=\" \"\n\t\t\t\tdata-src=\"https:\/\/www.lukostrelbaklecany.cz\/wp-content\/gallery\/mcr-plzen-2019\/IMG_20190823_135734.jpg\"\n\t\t\t\tdata-thumbnail=\"https:\/\/www.lukostrelbaklecany.cz\/wp-content\/gallery\/mcr-plzen-2019\/thumbs\/thumbs_IMG_20190823_135734.jpg\"\n\t\t\t\tdata-image-id=\"80\"\n\t\t\t\tdata-title=\"kladkov\u00fd t\u00fdm - zleva Martin Dufek, tren\u00e9r Michal Bidlo, Marcela Blailov\u00e1 a Jakub E\u010der\"\n\t\t\t\tdata-description=\" \"\n\t\t\t\tdata-image-slug=\"kladkovy-tym-zleva-martin-dufek-trener-michal-bidlo-marcela-blailova-a-jakub-ecer\"\n\t\t\t\tclass=\"ngg-simplelightbox\" rel=\"353050e1957bec50e9dad202bafe64a0\">\n\t\t\t\t<img\n\t\t\t\t\ttitle=\"kladkov\u00fd t\u00fdm - zleva Martin Dufek, tren\u00e9r Michal Bidlo, Marcela Blailov\u00e1 a Jakub E\u010der\"\n\t\t\t\t\talt=\"kladkov\u00fd t\u00fdm - zleva Martin Dufek, tren\u00e9r Michal Bidlo, Marcela Blailov\u00e1 a Jakub E\u010der\"\n\t\t\t\t\tsrc=\"https:\/\/www.lukostrelbaklecany.cz\/wp-content\/gallery\/mcr-plzen-2019\/thumbs\/thumbs_IMG_20190823_135734.jpg\"\n\t\t\t\t\twidth=\"240\"\n\t\t\t\t\theight=\"160\"\n\t\t\t\t\tstyle=\"max-width:100%;\"\n\t\t\t\t\/>\n\t\t\t<\/a>\n\t\t<\/div>\n\t\t\t\t\t\t\t<\/div> \n\t\t\t\n\t\n\t<br style=\"clear: both\" \/>\n\n\t\n\t\t<!-- Pagination -->\n\t\t<div class='ngg-clear'><\/div>\t<\/div>\n\n<p>V p\u00e1tek 23.8.2019 se na arm\u00e1dn\u00ed st\u0159elnici v Plzni-Lobz\u00edch za\u010dalo kvalifikac\u00ed, kter\u00e1 obn\u00e1\u0161\u00ed 72 \u0161\u00edp\u016f; v p\u0159\u00edpad\u011b kladkov\u00fdch luk\u016f na vzd\u00e1lenost 50m na ter\u010d o pr\u016fm\u011bru 80cm. Martin skv\u011ble ovl\u00e1dl svou nervozitu, kter\u00e1 mu v minulosti nedovolovala p\u0159en\u00e9st v\u00fdkony z tr\u00e9ninku do z\u00e1vodu, a n\u00e1st\u0159elem 650b zv\u00fd\u0161il sv\u016fj osobn\u00ed rekord p\u0159ibli\u017en\u011b o 20b a um\u00edstil se jako 13. z 16. Marcela za\u010dala skv\u011ble, cca v p\u016flce z\u00e1vodu ale na chv\u00edli ztratila koncentraci a ztratila p\u00e1r bod\u016f &#8211; celkov\u00fd v\u00fdsledek 606b znamenal 6.m\u00edsto z 8.&nbsp; Z tr\u00e9nink\u016f a p\u0159edchoz\u00edch \u00fasp\u011bch\u016f s hol\u00fdm lukem ale v\u00edm, \u017ee Marcely \u010das je\u0161t\u011b p\u0159ijde.<\/p>\n<!-- default-view.php -->\n<div\n\tclass=\"ngg-galleryoverview default-view \n\t ngg-ajax-pagination-none\t\"\n\tid=\"ngg-gallery-989d24f61546aad20b5e0f9dfa993461-1\">\n\n\t\t<!-- Thumbnails -->\n\t\t\t\t<div id=\"ngg-image-0\" class=\"ngg-gallery-thumbnail-box \n\t\t\t\t\t\t\t\t\t\t\t\" \n\t\t\t>\n\t\t\t\t\t\t<div class=\"ngg-gallery-thumbnail\">\n\t\t\t<a href=\"https:\/\/www.lukostrelbaklecany.cz\/wp-content\/gallery\/mcr-plzen-2019\/IMG_20190823_141953.jpg\"\n\t\t\t\ttitle=\" \"\n\t\t\t\tdata-src=\"https:\/\/www.lukostrelbaklecany.cz\/wp-content\/gallery\/mcr-plzen-2019\/IMG_20190823_141953.jpg\"\n\t\t\t\tdata-thumbnail=\"https:\/\/www.lukostrelbaklecany.cz\/wp-content\/gallery\/mcr-plzen-2019\/thumbs\/thumbs_IMG_20190823_141953.jpg\"\n\t\t\t\tdata-image-id=\"83\"\n\t\t\t\tdata-title=\"Marcela p\u0159i st\u0159elb\u011b\"\n\t\t\t\tdata-description=\" \"\n\t\t\t\tdata-image-slug=\"marcela-pri-strelbe\"\n\t\t\t\tclass=\"ngg-simplelightbox\" rel=\"989d24f61546aad20b5e0f9dfa993461\">\n\t\t\t\t<img\n\t\t\t\t\ttitle=\"Marcela p\u0159i st\u0159elb\u011b\"\n\t\t\t\t\talt=\"Marcela p\u0159i st\u0159elb\u011b\"\n\t\t\t\t\tsrc=\"https:\/\/www.lukostrelbaklecany.cz\/wp-content\/gallery\/mcr-plzen-2019\/thumbs\/thumbs_IMG_20190823_141953.jpg\"\n\t\t\t\t\twidth=\"240\"\n\t\t\t\t\theight=\"160\"\n\t\t\t\t\tstyle=\"max-width:100%;\"\n\t\t\t\t\/>\n\t\t\t<\/a>\n\t\t<\/div>\n\t\t\t\t\t\t\t<\/div> \n\t\t\t\n\t\t\t\t<div id=\"ngg-image-1\" class=\"ngg-gallery-thumbnail-box \n\t\t\t\t\t\t\t\t\t\t\t\" \n\t\t\t>\n\t\t\t\t\t\t<div class=\"ngg-gallery-thumbnail\">\n\t\t\t<a href=\"https:\/\/www.lukostrelbaklecany.cz\/wp-content\/gallery\/mcr-plzen-2019\/IMG_20190823_143141.jpg\"\n\t\t\t\ttitle=\" \"\n\t\t\t\tdata-src=\"https:\/\/www.lukostrelbaklecany.cz\/wp-content\/gallery\/mcr-plzen-2019\/IMG_20190823_143141.jpg\"\n\t\t\t\tdata-thumbnail=\"https:\/\/www.lukostrelbaklecany.cz\/wp-content\/gallery\/mcr-plzen-2019\/thumbs\/thumbs_IMG_20190823_143141.jpg\"\n\t\t\t\tdata-image-id=\"85\"\n\t\t\t\tdata-title=\"Martin s Jakubem p\u0159i st\u0159elb\u011b\"\n\t\t\t\tdata-description=\" \"\n\t\t\t\tdata-image-slug=\"martin-s-jakubem-pri-strelbe\"\n\t\t\t\tclass=\"ngg-simplelightbox\" rel=\"989d24f61546aad20b5e0f9dfa993461\">\n\t\t\t\t<img\n\t\t\t\t\ttitle=\"Martin s Jakubem p\u0159i st\u0159elb\u011b\"\n\t\t\t\t\talt=\"Martin s Jakubem p\u0159i st\u0159elb\u011b\"\n\t\t\t\t\tsrc=\"https:\/\/www.lukostrelbaklecany.cz\/wp-content\/gallery\/mcr-plzen-2019\/thumbs\/thumbs_IMG_20190823_143141.jpg\"\n\t\t\t\t\twidth=\"240\"\n\t\t\t\t\theight=\"160\"\n\t\t\t\t\tstyle=\"max-width:100%;\"\n\t\t\t\t\/>\n\t\t\t<\/a>\n\t\t<\/div>\n\t\t\t\t\t\t\t<\/div> \n\t\t\t\n\t\n\t<br style=\"clear: both\" \/>\n\n\t\n\t\t<!-- Pagination -->\n\t\t<div class='ngg-clear'><\/div>\t<\/div>\n\n<p>To nejd\u016fle\u017eit\u011bj\u0161\u00ed se odehr\u00e1valo v sobotu &#8211; bojovalo se v p\u0159\u00edm\u00fdch vy\u0159azovac\u00edch souboj\u00edch. M&amp;M narazili na soupe\u0159e sice siln\u011bj\u0161\u00ed, ale rozhodn\u011b nebyli bez \u0161ance.&nbsp; P\u0159ekvapen\u00ed se bohu\u017eel nekonalo, ov\u0161em ostudu rozhodn\u011b neud\u011blali. Martin nast\u0159\u00edlel nejvy\u0161\u0161\u00ed n\u00e1st\u0159el z pora\u017een\u00fdch a Marcela druh\u00fd nejvy\u0161\u0161\u00ed.<\/p>\n<p>To nejlep\u0161\u00ed si ale schovali do souboje t\u0159\u00ed\u010dlenn\u00fdch dru\u017estev a mix-t\u00fdm\u016f (mu\u017e-\u017eena). V obou p\u0159\u00edpadech jsme v prvn\u00edm kole narazili na favorizovan\u00e9 t\u00fdmy I.KLK, jejich\u017e st\u0159elci pat\u0159\u00ed dlouhodob\u011b do \u010desk\u00e9 \u0161pi\u010dky. V MIXu M&amp;M fantasticky vedli a\u017e do posledn\u00ed sady, kde si bohu\u017eel sm\u016flu vybral Martin a pod tlakem st\u0159elil t\u011bsn\u011b mimo ter\u010d, \u010d\u00edm\u017e jsme p\u0159i\u0161li o souboj o zlato. Ale hned v druh\u00e9m kole si reputaci napravil, spole\u010dn\u011b porazili SK Nov\u00e9 M\u011bsto a z\u00edskali 3. m\u00edsto. Stejn\u00e1 situace se opakovala v sout\u011b\u017ei t\u0159\u00ed\u010dlenn\u00fdch dru\u017estev, kde s n\u00e1mi hostoval Jakub E\u010der z Liberce. V prvn\u00edm kole jsme s I.KLK naprosto neuv\u011b\u0159iteln\u011b remizovali a n\u00e1sledoval rozst\u0159el, kde se projevila zku\u0161enost favorit\u016f.&nbsp; Nebyl \u010das se t\u00edm tr\u00e1pit, hned n\u00e1sledoval souboj o bronz s t\u00fdmem Patriot Brno, kter\u00fd byl nap\u00ednav\u00fd a\u017e do posledn\u00ed sady, do kter\u00e9 jsme vstupovali za nerozhodn\u00e9ho stavu. M&amp;M s Kubou p\u0159edvedli uk\u00e1zkovou posledn\u00ed sadu a p\u0159idali druh\u00fd bronz.<\/p>\n<!-- default-view.php -->\n<div\n\tclass=\"ngg-galleryoverview default-view \n\t ngg-ajax-pagination-none\t\"\n\tid=\"ngg-gallery-3d25a191cf9388e6550eecabf638e2f9-1\">\n\n\t\t<!-- Thumbnails -->\n\t\t\t\t<div id=\"ngg-image-0\" class=\"ngg-gallery-thumbnail-box \n\t\t\t\t\t\t\t\t\t\t\t\" \n\t\t\t>\n\t\t\t\t\t\t<div class=\"ngg-gallery-thumbnail\">\n\t\t\t<a href=\"https:\/\/www.lukostrelbaklecany.cz\/wp-content\/gallery\/mcr-plzen-2019\/IMG-20190824-WA0001.jpg\"\n\t\t\t\ttitle=\" \"\n\t\t\t\tdata-src=\"https:\/\/www.lukostrelbaklecany.cz\/wp-content\/gallery\/mcr-plzen-2019\/IMG-20190824-WA0001.jpg\"\n\t\t\t\tdata-thumbnail=\"https:\/\/www.lukostrelbaklecany.cz\/wp-content\/gallery\/mcr-plzen-2019\/thumbs\/thumbs_IMG-20190824-WA0001.jpg\"\n\t\t\t\tdata-image-id=\"86\"\n\t\t\t\tdata-title=\"P\u0159\u00edprava na souboje dru\u017estev\"\n\t\t\t\tdata-description=\" \"\n\t\t\t\tdata-image-slug=\"priprava-na-souboje-druzstev\"\n\t\t\t\tclass=\"ngg-simplelightbox\" rel=\"3d25a191cf9388e6550eecabf638e2f9\">\n\t\t\t\t<img\n\t\t\t\t\ttitle=\"P\u0159\u00edprava na souboje dru\u017estev\"\n\t\t\t\t\talt=\"P\u0159\u00edprava na souboje dru\u017estev\"\n\t\t\t\t\tsrc=\"https:\/\/www.lukostrelbaklecany.cz\/wp-content\/gallery\/mcr-plzen-2019\/thumbs\/thumbs_IMG-20190824-WA0001.jpg\"\n\t\t\t\t\twidth=\"240\"\n\t\t\t\t\theight=\"160\"\n\t\t\t\t\tstyle=\"max-width:100%;\"\n\t\t\t\t\/>\n\t\t\t<\/a>\n\t\t<\/div>\n\t\t\t\t\t\t\t<\/div> \n\t\t\t\n\t\t\t\t<div id=\"ngg-image-1\" class=\"ngg-gallery-thumbnail-box \n\t\t\t\t\t\t\t\t\t\t\t\" \n\t\t\t>\n\t\t\t\t\t\t<div class=\"ngg-gallery-thumbnail\">\n\t\t\t<a href=\"https:\/\/www.lukostrelbaklecany.cz\/wp-content\/gallery\/mcr-plzen-2019\/IMG-20190825-WA0003.jpg\"\n\t\t\t\ttitle=\" \"\n\t\t\t\tdata-src=\"https:\/\/www.lukostrelbaklecany.cz\/wp-content\/gallery\/mcr-plzen-2019\/IMG-20190825-WA0003.jpg\"\n\t\t\t\tdata-thumbnail=\"https:\/\/www.lukostrelbaklecany.cz\/wp-content\/gallery\/mcr-plzen-2019\/thumbs\/thumbs_IMG-20190825-WA0003.jpg\"\n\t\t\t\tdata-image-id=\"87\"\n\t\t\t\tdata-title=\"Kr\u00e1sn\u00fd v\u00fdsledek - 2x bronz v sout\u011b\u017ei dru\u017estev\"\n\t\t\t\tdata-description=\" \"\n\t\t\t\tdata-image-slug=\"krasny-vysledek-2x-bronz-v-soutezi-druzstev\"\n\t\t\t\tclass=\"ngg-simplelightbox\" rel=\"3d25a191cf9388e6550eecabf638e2f9\">\n\t\t\t\t<img\n\t\t\t\t\ttitle=\"Kr\u00e1sn\u00fd v\u00fdsledek - 2x bronz v sout\u011b\u017ei dru\u017estev\"\n\t\t\t\t\talt=\"Kr\u00e1sn\u00fd v\u00fdsledek - 2x bronz v sout\u011b\u017ei dru\u017estev\"\n\t\t\t\t\tsrc=\"https:\/\/www.lukostrelbaklecany.cz\/wp-content\/gallery\/mcr-plzen-2019\/thumbs\/thumbs_IMG-20190825-WA0003.jpg\"\n\t\t\t\t\twidth=\"240\"\n\t\t\t\t\theight=\"160\"\n\t\t\t\t\tstyle=\"max-width:100%;\"\n\t\t\t\t\/>\n\t\t\t<\/a>\n\t\t<\/div>\n\t\t\t\t\t\t\t<\/div> \n\t\t\t\n\t\n\t<br style=\"clear: both\" \/>\n\n\t\n\t\t<!-- Pagination -->\n\t\t<div class='ngg-clear'><\/div>\t<\/div>\n\n<p>Gratulujeme na\u0161im st\u0159elc\u016fm ke skv\u011bl\u00e9mu v\u00fdsledku a d\u011bkujeme za reprezentaci na\u0161eho klubu.<br \/>\nBlahop\u0159ejeme tak\u00e9 soupe\u0159\u016fm a d\u011bkujeme za kr\u00e1sn\u00e9 souboje.<\/p>\n<!-- default-view.php -->\n<div\n\tclass=\"ngg-galleryoverview default-view \n\t ngg-ajax-pagination-none\t\"\n\tid=\"ngg-gallery-9ae4486271daf63ce49f41008f714f35-1\">\n\n\t\t<!-- Thumbnails -->\n\t\t\t\t<div id=\"ngg-image-0\" class=\"ngg-gallery-thumbnail-box \n\t\t\t\t\t\t\t\t\t\t\t\" \n\t\t\t>\n\t\t\t\t\t\t<div class=\"ngg-gallery-thumbnail\">\n\t\t\t<a href=\"https:\/\/www.lukostrelbaklecany.cz\/wp-content\/gallery\/mcr-plzen-2019\/IMG_20190823_131629.jpg\"\n\t\t\t\ttitle=\" \"\n\t\t\t\tdata-src=\"https:\/\/www.lukostrelbaklecany.cz\/wp-content\/gallery\/mcr-plzen-2019\/IMG_20190823_131629.jpg\"\n\t\t\t\tdata-thumbnail=\"https:\/\/www.lukostrelbaklecany.cz\/wp-content\/gallery\/mcr-plzen-2019\/thumbs\/thumbs_IMG_20190823_131629.jpg\"\n\t\t\t\tdata-image-id=\"79\"\n\t\t\t\tdata-title=\"kontrola materi\u00e1lu\"\n\t\t\t\tdata-description=\" \"\n\t\t\t\tdata-image-slug=\"kontrola-materialu\"\n\t\t\t\tclass=\"ngg-simplelightbox\" rel=\"9ae4486271daf63ce49f41008f714f35\">\n\t\t\t\t<img\n\t\t\t\t\ttitle=\"kontrola materi\u00e1lu\"\n\t\t\t\t\talt=\"kontrola materi\u00e1lu\"\n\t\t\t\t\tsrc=\"https:\/\/www.lukostrelbaklecany.cz\/wp-content\/gallery\/mcr-plzen-2019\/thumbs\/thumbs_IMG_20190823_131629.jpg\"\n\t\t\t\t\twidth=\"240\"\n\t\t\t\t\theight=\"160\"\n\t\t\t\t\tstyle=\"max-width:100%;\"\n\t\t\t\t\/>\n\t\t\t<\/a>\n\t\t<\/div>\n\t\t\t\t\t\t\t<\/div> \n\t\t\t\n\t\t\t\t<div id=\"ngg-image-1\" class=\"ngg-gallery-thumbnail-box \n\t\t\t\t\t\t\t\t\t\t\t\" \n\t\t\t>\n\t\t\t\t\t\t<div class=\"ngg-gallery-thumbnail\">\n\t\t\t<a href=\"https:\/\/www.lukostrelbaklecany.cz\/wp-content\/gallery\/mcr-plzen-2019\/IMG_20190823_141119.jpg\"\n\t\t\t\ttitle=\" \"\n\t\t\t\tdata-src=\"https:\/\/www.lukostrelbaklecany.cz\/wp-content\/gallery\/mcr-plzen-2019\/IMG_20190823_141119.jpg\"\n\t\t\t\tdata-thumbnail=\"https:\/\/www.lukostrelbaklecany.cz\/wp-content\/gallery\/mcr-plzen-2019\/thumbs\/thumbs_IMG_20190823_141119.jpg\"\n\t\t\t\tdata-image-id=\"81\"\n\t\t\t\tdata-title=\"IMG_20190823_141119\"\n\t\t\t\tdata-description=\" \"\n\t\t\t\tdata-image-slug=\"img_20190823_141119-1\"\n\t\t\t\tclass=\"ngg-simplelightbox\" rel=\"9ae4486271daf63ce49f41008f714f35\">\n\t\t\t\t<img\n\t\t\t\t\ttitle=\"IMG_20190823_141119\"\n\t\t\t\t\talt=\"IMG_20190823_141119\"\n\t\t\t\t\tsrc=\"https:\/\/www.lukostrelbaklecany.cz\/wp-content\/gallery\/mcr-plzen-2019\/thumbs\/thumbs_IMG_20190823_141119.jpg\"\n\t\t\t\t\twidth=\"240\"\n\t\t\t\t\theight=\"160\"\n\t\t\t\t\tstyle=\"max-width:100%;\"\n\t\t\t\t\/>\n\t\t\t<\/a>\n\t\t<\/div>\n\t\t\t\t\t\t\t<\/div> \n\t\t\t\n\t\t\t\t<div id=\"ngg-image-2\" class=\"ngg-gallery-thumbnail-box \n\t\t\t\t\t\t\t\t\t\t\t\" \n\t\t\t>\n\t\t\t\t\t\t<div class=\"ngg-gallery-thumbnail\">\n\t\t\t<a href=\"https:\/\/www.lukostrelbaklecany.cz\/wp-content\/gallery\/mcr-plzen-2019\/IMG_20190823_141124.jpg\"\n\t\t\t\ttitle=\" \"\n\t\t\t\tdata-src=\"https:\/\/www.lukostrelbaklecany.cz\/wp-content\/gallery\/mcr-plzen-2019\/IMG_20190823_141124.jpg\"\n\t\t\t\tdata-thumbnail=\"https:\/\/www.lukostrelbaklecany.cz\/wp-content\/gallery\/mcr-plzen-2019\/thumbs\/thumbs_IMG_20190823_141124.jpg\"\n\t\t\t\tdata-image-id=\"82\"\n\t\t\t\tdata-title=\"IMG_20190823_141124\"\n\t\t\t\tdata-description=\" \"\n\t\t\t\tdata-image-slug=\"img_20190823_141124-1\"\n\t\t\t\tclass=\"ngg-simplelightbox\" rel=\"9ae4486271daf63ce49f41008f714f35\">\n\t\t\t\t<img\n\t\t\t\t\ttitle=\"IMG_20190823_141124\"\n\t\t\t\t\talt=\"IMG_20190823_141124\"\n\t\t\t\t\tsrc=\"https:\/\/www.lukostrelbaklecany.cz\/wp-content\/gallery\/mcr-plzen-2019\/thumbs\/thumbs_IMG_20190823_141124.jpg\"\n\t\t\t\t\twidth=\"240\"\n\t\t\t\t\theight=\"160\"\n\t\t\t\t\tstyle=\"max-width:100%;\"\n\t\t\t\t\/>\n\t\t\t<\/a>\n\t\t<\/div>\n\t\t\t\t\t\t\t<\/div> \n\t\t\t\n\t\t\t\t<div id=\"ngg-image-3\" class=\"ngg-gallery-thumbnail-box \n\t\t\t\t\t\t\t\t\t\t\t\" \n\t\t\t>\n\t\t\t\t\t\t<div class=\"ngg-gallery-thumbnail\">\n\t\t\t<a href=\"https:\/\/www.lukostrelbaklecany.cz\/wp-content\/gallery\/mcr-plzen-2019\/IMG_20190823_142834.jpg\"\n\t\t\t\ttitle=\" \"\n\t\t\t\tdata-src=\"https:\/\/www.lukostrelbaklecany.cz\/wp-content\/gallery\/mcr-plzen-2019\/IMG_20190823_142834.jpg\"\n\t\t\t\tdata-thumbnail=\"https:\/\/www.lukostrelbaklecany.cz\/wp-content\/gallery\/mcr-plzen-2019\/thumbs\/thumbs_IMG_20190823_142834.jpg\"\n\t\t\t\tdata-image-id=\"84\"\n\t\t\t\tdata-title=\"hdr\"\n\t\t\t\tdata-description=\" \"\n\t\t\t\tdata-image-slug=\"hdr\"\n\t\t\t\tclass=\"ngg-simplelightbox\" rel=\"9ae4486271daf63ce49f41008f714f35\">\n\t\t\t\t<img\n\t\t\t\t\ttitle=\"hdr\"\n\t\t\t\t\talt=\"hdr\"\n\t\t\t\t\tsrc=\"https:\/\/www.lukostrelbaklecany.cz\/wp-content\/gallery\/mcr-plzen-2019\/thumbs\/thumbs_IMG_20190823_142834.jpg\"\n\t\t\t\t\twidth=\"240\"\n\t\t\t\t\theight=\"160\"\n\t\t\t\t\tstyle=\"max-width:100%;\"\n\t\t\t\t\/>\n\t\t\t<\/a>\n\t\t<\/div>\n\t\t\t\t\t\t\t<\/div> \n\t\t\t\n\t\t\t\t<div id=\"ngg-image-4\" class=\"ngg-gallery-thumbnail-box \n\t\t\t\t\t\t\t\t\t\t\t\" \n\t\t\t>\n\t\t\t\t\t\t<div class=\"ngg-gallery-thumbnail\">\n\t\t\t<a href=\"https:\/\/www.lukostrelbaklecany.cz\/wp-content\/gallery\/mcr-plzen-2019\/IMG_20190823_143141.jpg\"\n\t\t\t\ttitle=\" \"\n\t\t\t\tdata-src=\"https:\/\/www.lukostrelbaklecany.cz\/wp-content\/gallery\/mcr-plzen-2019\/IMG_20190823_143141.jpg\"\n\t\t\t\tdata-thumbnail=\"https:\/\/www.lukostrelbaklecany.cz\/wp-content\/gallery\/mcr-plzen-2019\/thumbs\/thumbs_IMG_20190823_143141.jpg\"\n\t\t\t\tdata-image-id=\"85\"\n\t\t\t\tdata-title=\"Martin s Jakubem p\u0159i st\u0159elb\u011b\"\n\t\t\t\tdata-description=\" \"\n\t\t\t\tdata-image-slug=\"martin-s-jakubem-pri-strelbe\"\n\t\t\t\tclass=\"ngg-simplelightbox\" rel=\"9ae4486271daf63ce49f41008f714f35\">\n\t\t\t\t<img\n\t\t\t\t\ttitle=\"Martin s Jakubem p\u0159i st\u0159elb\u011b\"\n\t\t\t\t\talt=\"Martin s Jakubem p\u0159i st\u0159elb\u011b\"\n\t\t\t\t\tsrc=\"https:\/\/www.lukostrelbaklecany.cz\/wp-content\/gallery\/mcr-plzen-2019\/thumbs\/thumbs_IMG_20190823_143141.jpg\"\n\t\t\t\t\twidth=\"240\"\n\t\t\t\t\theight=\"160\"\n\t\t\t\t\tstyle=\"max-width:100%;\"\n\t\t\t\t\/>\n\t\t\t<\/a>\n\t\t<\/div>\n\t\t\t\t\t\t\t<\/div> \n\t\t\t\n\t\n\t<br style=\"clear: both\" \/>\n\n\t\n\t\t<!-- Pagination -->\n\t\t<div class='ngg-clear'><\/div>\t<\/div>\n\n","protected":false},"excerpt":{"rendered":"<p>\u00da\u010dast na leto\u0161n\u00edm M\u010cR v ter\u010dov\u00e9 lukost\u0159elb\u011b byla pro n\u00e1s trochu s\u00e1zka do loterie. S t\u00fdmem reflexn\u00edch luk\u016f jsme se domluvili, \u017ee letos je\u0161t\u011b z\u016fstaneme u nemistrovsk\u00fdch vzd\u00e1lenost\u00ed 50 a 30m a t\u00edm p\u00e1dem \u00fa\u010dast o\u017eel\u00edme, ale t\u00fdm kladkov\u00fdch luk\u016f &#8211; Martin a Marcela M&amp;M &#8211; na tr\u00e9ninku i kontroln\u00edch z\u00e1vodech potvrzovali, \u017ee mistrovstv\u00ed bychom &#8230; <a title=\"Mistrovstv\u00ed \u010cR 2019 reflexn\u00edch a kladkov\u00fdch luk\u016f v ter\u010dov\u00e9 lukost\u0159elb\u011b\" class=\"read-more\" href=\"https:\/\/www.lukostrelbaklecany.cz\/index.php\/2019\/08\/26\/mistrovstvi-cr-2019-reflexnich-a-kladkovych-luku-v-tercove-lukostrelbe\/\">\u010d\u00edst v\u00edce<\/a><\/p>\n","protected":false},"author":1,"featured_media":1251,"comment_status":"closed","ping_status":"open","sticky":false,"template":"","format":"standard","meta":{"ngg_post_thumbnail":0,"footnotes":""},"categories":[4],"tags":[],"_links":{"self":[{"href":"https:\/\/www.lukostrelbaklecany.cz\/index.php\/wp-json\/wp\/v2\/posts\/661"}],"collection":[{"href":"https:\/\/www.lukostrelbaklecany.cz\/index.php\/wp-json\/wp\/v2\/posts"}],"about":[{"href":"https:\/\/www.lukostrelbaklecany.cz\/index.php\/wp-json\/wp\/v2\/types\/post"}],"author":[{"embeddable":true,"href":"https:\/\/www.lukostrelbaklecany.cz\/index.php\/wp-json\/wp\/v2\/users\/1"}],"replies":[{"embeddable":true,"href":"https:\/\/www.lukostrelbaklecany.cz\/index.php\/wp-json\/wp\/v2\/comments?post=661"}],"version-history":[{"count":10,"href":"https:\/\/www.lukostrelbaklecany.cz\/index.php\/wp-json\/wp\/v2\/posts\/661\/revisions"}],"predecessor-version":[{"id":694,"href":"https:\/\/www.lukostrelbaklecany.cz\/index.php\/wp-json\/wp\/v2\/posts\/661\/revisions\/694"}],"wp:featuredmedia":[{"embeddable":true,"href":"https:\/\/www.lukostrelbaklecany.cz\/index.php\/wp-json\/wp\/v2\/media\/1251"}],"wp:attachment":[{"href":"https:\/\/www.lukostrelbaklecany.cz\/index.php\/wp-json\/wp\/v2\/media?parent=661"}],"wp:term":[{"taxonomy":"category","embeddable":true,"href":"https:\/\/www.lukostrelbaklecany.cz\/index.php\/wp-json\/wp\/v2\/categories?post=661"},{"taxonomy":"post_tag","embeddable":true,"href":"https:\/\/www.lukostrelbaklecany.cz\/index.php\/wp-json\/wp\/v2\/tags?post=661"}],"curies":[{"name":"wp","href":"https:\/\/api.w.org\/{rel}","templated":true}]}}